{"id":504761,"date":"2025-01-13T13:38:59","date_gmt":"2025-01-13T12:38:59","guid":{"rendered":"https:\/\/dev.klimapaktfirbetriber.lu\/participez-a-la-session-dinformation-sur-lapprovisionnement-energetique-par-des-communautes-energetiques-regionales\/"},"modified":"2025-02-07T11:07:08","modified_gmt":"2025-02-07T10:07:08","slug":"participez-a-la-session-dinformation-sur-lapprovisionnement-energetique-par-des-communautes-energetiques-regionales","status":"publish","type":"post","link":"https:\/\/dev.klimapaktfirbetriber.lu\/en\/participez-a-la-session-dinformation-sur-lapprovisionnement-energetique-par-des-communautes-energetiques-regionales\/","title":{"rendered":"Take part in the information session on energy supply by renewable energy communities"},"content":{"rendered":"\n<h2 class=\"wp-block-heading\">Renewable energy communities: a sustainable source of supply<\/h2>\n\n\n\n<p>Klima-Agence, the national partner for energy and climate, is organising, in collaboration with the Natur- a Geopark M\u00ebllerdall, the event: <em>\u201cNachhaltige Energieversorgung durch erneuerbare Energiegemeinschaften \u2013 L\u00f6sungen und Praxisbeispiele (Sustainable energy supply through renewable energy communities &#8211; solutions and practical examples)<\/em>.<\/p>\n\n\n\n<div class=\"wp-block-group has-light-green-background-color has-background is-content-justification-space-between is-nowrap is-layout-flex wp-container-core-group-is-layout-0dfbf163 wp-block-group-is-layout-flex\">\n<p><strong>When?<\/strong><br>10 february 2025, starting at 4:00pm<\/p>\n\n\n\n<p><strong>Where?<\/strong><br>Trifolion, 2 Porte St. Willibrord, L-6486 Echternach<\/p>\n<\/div>\n\n\n\n<p>During this event, we aim to present practical solutions and successful examples of renewable energy communities. The conference also offers the opportunity to discuss the potential of sustainable energy supply with experts and participants.<\/p>\n\n\n\n<p><strong>Programme:<\/strong><br><em>16:00<\/em> Welcome<br><em>16:15<\/em> Sustainable and regional energy supply in businesses<br><em>16:30<\/em> What is an energy community? Case studies.<br><em>17:00<\/em> Implemented examples from abroad<br><em>17:10<\/em> Experience report from Luxembourg: Peintures Robin<br><em>17:20<\/em> Support for project implementation<br><em>17:30<\/em> Networking<\/p>\n\n\n\n<p><strong>The conference will be held in Luxembourgish.<\/strong><\/p>\n\n\n\n<p>For further information, please feel free to contact us via email at: <a href=\"mailto:%20entreprises@klima-agence.lu?subject=Ev\u00e9nement%20Approvisionnement%20\u00e9nerg\u00e9tique\" target=\"_blank\" rel=\"noreferrer noopener\">entreprises@klima-agence.lu<\/a>.<\/p>\n\n\n\n<h2 class=\"wp-block-heading\">Register for the information session<\/h2>\n\n\n\n<p>Online registrations for the information session on energy supply by renewable energy communities are now closed. However, you can still register by email at <a href=\"mailto:communication@klima-agence.lu\">communication@klima-agence.lu<\/a>.<\/p>\n","protected":false},"excerpt":{"rendered":"<p>Renewable energy communities: a sustainable source of supply Klima-Agence, the national partner for energy and climate, is organising, in collaboration with the Natur- a Geopark M\u00ebllerdall, the event: \u201cNachhaltige Energieversorgung durch erneuerbare Energiegemeinschaften \u2013 L\u00f6sungen und Praxisbeispiele (Sustainable energy supply through renewable energy communities &#8211; solutions and practical examples). When?10 february 2025, starting at 4:00pm [&hellip;]<\/p>\n","protected":false},"author":3,"featured_media":508968,"comment_status":"closed","ping_status":"closed","sticky":false,"template":"","format":"standard","meta":{"_acf_changed":false,"footnotes":""},"categories":[59,58],"tags":[],"class_list":["post-504761","post","type-post","status-publish","format-standard","has-post-thumbnail","hentry","category-news","category-event"],"acf":[],"_links":{"self":[{"href":"https:\/\/dev.klimapaktfirbetriber.lu\/en\/wp-json\/wp\/v2\/posts\/504761","targetHints":{"allow":["GET"]}}],"collection":[{"href":"https:\/\/dev.klimapaktfirbetriber.lu\/en\/wp-json\/wp\/v2\/posts"}],"about":[{"href":"https:\/\/dev.klimapaktfirbetriber.lu\/en\/wp-json\/wp\/v2\/types\/post"}],"author":[{"embeddable":true,"href":"https:\/\/dev.klimapaktfirbetriber.lu\/en\/wp-json\/wp\/v2\/users\/3"}],"replies":[{"embeddable":true,"href":"https:\/\/dev.klimapaktfirbetriber.lu\/en\/wp-json\/wp\/v2\/comments?post=504761"}],"version-history":[{"count":6,"href":"https:\/\/dev.klimapaktfirbetriber.lu\/en\/wp-json\/wp\/v2\/posts\/504761\/revisions"}],"predecessor-version":[{"id":662240,"href":"https:\/\/dev.klimapaktfirbetriber.lu\/en\/wp-json\/wp\/v2\/posts\/504761\/revisions\/662240"}],"wp:featuredmedia":[{"embeddable":true,"href":"https:\/\/dev.klimapaktfirbetriber.lu\/en\/wp-json\/wp\/v2\/media\/508968"}],"wp:attachment":[{"href":"https:\/\/dev.klimapaktfirbetriber.lu\/en\/wp-json\/wp\/v2\/media?parent=504761"}],"wp:term":[{"taxonomy":"category","embeddable":true,"href":"https:\/\/dev.klimapaktfirbetriber.lu\/en\/wp-json\/wp\/v2\/categories?post=504761"},{"taxonomy":"post_tag","embeddable":true,"href":"https:\/\/dev.klimapaktfirbetriber.lu\/en\/wp-json\/wp\/v2\/tags?post=504761"}],"curies":[{"name":"wp","href":"https:\/\/api.w.org\/{rel}","templated":true}]}}