{"id":504443,"date":"2024-11-22T16:58:17","date_gmt":"2024-11-22T15:58:17","guid":{"rendered":"https:\/\/dev.klimapaktfirbetriber.lu\/prolongation-aide-impact-environnement\/"},"modified":"2024-11-22T16:58:17","modified_gmt":"2024-11-22T15:58:17","slug":"prolongation-aide-impact-environnement","status":"publish","type":"post","link":"https:\/\/dev.klimapaktfirbetriber.lu\/en\/prolongation-aide-impact-environnement\/","title":{"rendered":"Prolongation de l&#8217;aide temporaire impact environnemental"},"content":{"rendered":"\n<p class=\"has-light-green-background-color has-background\"><em>Communiqu\u00e9 par le minist\u00e8re de l&#8217;\u00c9conomie<\/em><\/p>\n\n\n\n<p>Le minist\u00e8re de l&#8217;\u00c9conomie a d\u00e9cid\u00e9 de prolonger l&#8217;aide temporaire \u00e0 impact environnemental pour une dur\u00e9e de 7 mois. L&#8217;aide temporaire \u00e0 impact environnemental sert \u00e0 inciter davantage les entreprises \u00e0 investir dans des mesures qui am\u00e9liorent substantiellement leur impact environnemental, par exemple \u00e0 travers:<\/p>\n\n\n\n<ul class=\"wp-block-list\">\n<li>l&#8217;augmentation de l&#8217;efficacit\u00e9 \u00e9nerg\u00e9tique,<\/li>\n\n\n\n<li>la production d&#8217;\u00e9nergie \u00e0 partir de sources renouvelables,<\/li>\n\n\n\n<li>la diminution de la consommation et de la pollution d&#8217;eau,<\/li>\n\n\n\n<li>le recyclage et le r\u00e9emploi de d\u00e9chets.<\/li>\n<\/ul>\n\n\n\n<p>L&#8217;am\u00e9lioration substantielle de l&#8217;impact environnemental de l&#8217;entreprise doit \u00eatre \u00e9valu\u00e9e par un expert ind\u00e9pendant agr\u00e9\u00e9 en la mati\u00e8re.<\/p>\n\n\n\n<p>Tout entreprise disposant d&#8217;une autorisation d&#8217;\u00e9tablissement peut solliciter cette aide pour couvrir une partie des co\u00fbts li\u00e9s \u00e0 des investissements dans des actifs corporels tels que des machines et \u00e9quipements, ou des panneaux photovolta\u00efques ou encore ceux li\u00e9s aux travaux d&#8217;extension ou de r\u00e9novation de b\u00e2timents servant \u00e0 l&#8217;activit\u00e9 artisanale ou commerciale. L&#8217;entreprise doit obligatoirement passer par un Conseil aupr\u00e8s de la&nbsp;<a href=\"https:\/\/www.houseofsustainability.lu\/\" target=\"_blank\" rel=\"noreferrer noopener\">H<\/a><a href=\"https:\/\/www.houseofsustainability.lu\/\" target=\"_blank\" rel=\"noreferrer noopener\">ouse of Sustainability,<\/a>&nbsp;qui donne son avis sur le choix de l&#8217;expert et accompagne gratuitement l&#8217;entreprise dans les d\u00e9marches d&#8217;introduction de la demande d&#8217;aide.<\/p>\n\n\n\n<p>Tout en ne d\u00e9passant pas 100.000 euros par groupe, l&#8217;intensit\u00e9 maximale de l&#8217;aide par projet ne peut d\u00e9passer au maximum:<\/p>\n\n\n\n<ul class=\"wp-block-list\">\n<li>70% des investissements \u00e9ligibles pour les petites entreprises,<\/li>\n\n\n\n<li>60% des investissements \u00e9ligibles pour les moyennes entreprises,<\/li>\n\n\n\n<li>50% des investissements \u00e9ligibles pour les grandes entreprises.<\/li>\n<\/ul>\n\n\n\n<p>Pour chaque projet d&#8217;investissement, le montant de l&#8217;investissement ne peut \u00eatre inf\u00e9rieur \u00e0 7.500 euros.<\/p>\n\n\n\n<p>La nouvelle date limite pour l&#8217;introduction de la demande d&#8217;aide est le 30 juin 2025.<\/p>\n\n\n\n<p>Tous les d\u00e9tails de ce r\u00e9gime d&#8217;aides sont disponibles sur&nbsp;<a href=\"https:\/\/guichet.public.lu\/fr\/entreprises\/financement-aides\/aide-temporaire-impact-environnemental.html\" target=\"_blank\" rel=\"noreferrer noopener\">guichet.lu.<\/a><\/p>\n","protected":false},"excerpt":{"rendered":"<p>Communiqu\u00e9 par le minist\u00e8re de l&#8217;\u00c9conomie Le minist\u00e8re de l&#8217;\u00c9conomie a d\u00e9cid\u00e9 de prolonger l&#8217;aide temporaire \u00e0 impact environnemental pour une dur\u00e9e de 7 mois. L&#8217;aide temporaire \u00e0 impact environnemental sert \u00e0 inciter davantage les entreprises \u00e0 investir dans des mesures qui am\u00e9liorent substantiellement leur impact environnemental, par exemple \u00e0 travers: L&#8217;am\u00e9lioration substantielle de l&#8217;impact [&hellip;]<\/p>\n","protected":false},"author":7,"featured_media":276125,"comment_status":"closed","ping_status":"closed","sticky":false,"template":"","format":"standard","meta":{"_acf_changed":false,"footnotes":""},"categories":[59],"tags":[],"class_list":["post-504443","post","type-post","status-publish","format-standard","has-post-thumbnail","hentry","category-news"],"acf":[],"_links":{"self":[{"href":"https:\/\/dev.klimapaktfirbetriber.lu\/en\/wp-json\/wp\/v2\/posts\/504443","targetHints":{"allow":["GET"]}}],"collection":[{"href":"https:\/\/dev.klimapaktfirbetriber.lu\/en\/wp-json\/wp\/v2\/posts"}],"about":[{"href":"https:\/\/dev.klimapaktfirbetriber.lu\/en\/wp-json\/wp\/v2\/types\/post"}],"author":[{"embeddable":true,"href":"https:\/\/dev.klimapaktfirbetriber.lu\/en\/wp-json\/wp\/v2\/users\/7"}],"replies":[{"embeddable":true,"href":"https:\/\/dev.klimapaktfirbetriber.lu\/en\/wp-json\/wp\/v2\/comments?post=504443"}],"version-history":[{"count":0,"href":"https:\/\/dev.klimapaktfirbetriber.lu\/en\/wp-json\/wp\/v2\/posts\/504443\/revisions"}],"wp:featuredmedia":[{"embeddable":true,"href":"https:\/\/dev.klimapaktfirbetriber.lu\/en\/wp-json\/wp\/v2\/media\/276125"}],"wp:attachment":[{"href":"https:\/\/dev.klimapaktfirbetriber.lu\/en\/wp-json\/wp\/v2\/media?parent=504443"}],"wp:term":[{"taxonomy":"category","embeddable":true,"href":"https:\/\/dev.klimapaktfirbetriber.lu\/en\/wp-json\/wp\/v2\/categories?post=504443"},{"taxonomy":"post_tag","embeddable":true,"href":"https:\/\/dev.klimapaktfirbetriber.lu\/en\/wp-json\/wp\/v2\/tags?post=504443"}],"curies":[{"name":"wp","href":"https:\/\/api.w.org\/{rel}","templated":true}]}}