{"id":1454,"date":"2023-03-17T15:35:41","date_gmt":"2023-03-17T14:35:41","guid":{"rendered":"https:\/\/dev.klimapaktfirbetriber.lu\/launch-conference-klimapakt-fir-betriber\/"},"modified":"2023-09-13T11:28:20","modified_gmt":"2023-09-13T09:28:20","slug":"launch-conference-klimapakt-fir-betriber","status":"publish","type":"post","link":"https:\/\/dev.klimapaktfirbetriber.lu\/en\/launch-conference-klimapakt-fir-betriber\/","title":{"rendered":"Launch conference \u00ab <span lang=\"lu\">Klimapakt fir Betriber<\/span> \u00bb"},"content":{"rendered":"\n<div class=\"wp-block-group\"><div class=\"wp-block-group__inner-container is-layout-constrained wp-block-group-is-layout-constrained\">\n<div class=\"wp-block-columns is-layout-flex wp-container-core-columns-is-layout-9d6595d7 wp-block-columns-is-layout-flex\">\n<div class=\"wp-block-column is-layout-flow wp-block-column-is-layout-flow\" style=\"flex-basis:100%\">\n<div class=\"wp-block-group\"><div class=\"wp-block-group__inner-container is-layout-constrained wp-block-group-is-layout-constrained\">\n<h4 class=\"wp-block-heading\">In response to the climate emergency and the current energy crisis, the government is launching the <span lang=\"lu\">&#8220;Klimapakt fir Betriber&#8221;<\/span> programme to guide Luxembourg companies through this situation. The launch of the Klimapakt fir Betriber on Tuesday 10 January 2023 was an opportunity for the various partners in the government programme, whose operational management is provided by Klima-Agence and Luxinnovation, to present their support measures for companies wishing to make efforts in terms of decarbonisation and energy transition.<\/h4>\n<\/div><\/div>\n<\/div>\n<\/div>\n<\/div><\/div>\n\n\n\n<div class=\"wp-block-media-text alignwide is-stacked-on-mobile\"><figure class=\"wp-block-media-text__media\"><img decoding=\"async\" width=\"1024\" height=\"683\" src=\"https:\/\/dev.klimapaktfirbetriber.lu\/wp\/wp-content\/uploads\/2023\/03\/20230110-Luxinnovation-Klimapakt-33-1-1024x683.jpg\" alt=\"\" class=\"wp-image-547 size-full\" srcset=\"https:\/\/dev.klimapaktfirbetriber.lu\/wp-content\/uploads\/2023\/03\/20230110-Luxinnovation-Klimapakt-33-1-1024x683.jpg 1024w, https:\/\/dev.klimapaktfirbetriber.lu\/wp-content\/uploads\/2023\/03\/20230110-Luxinnovation-Klimapakt-33-1-300x200.jpg 300w, https:\/\/dev.klimapaktfirbetriber.lu\/wp-content\/uploads\/2023\/03\/20230110-Luxinnovation-Klimapakt-33-1-768x512.jpg 768w, https:\/\/dev.klimapaktfirbetriber.lu\/wp-content\/uploads\/2023\/03\/20230110-Luxinnovation-Klimapakt-33-1-1536x1024.jpg 1536w, https:\/\/dev.klimapaktfirbetriber.lu\/wp-content\/uploads\/2023\/03\/20230110-Luxinnovation-Klimapakt-33-1-2048x1366.jpg 2048w\" sizes=\"(max-width: 1024px) 100vw, 1024px\" \/><\/figure><div class=\"wp-block-media-text__content\">\n<p>At the launch conference, the Minister for Small and Medium-sized Enterprises, Lex Delles, the Minister for Economic Affairs, Franz Fayot, the Minister for Energy and Spatial Planning, Claude Turmes, and the Minister for the Environment, Climate and Sustainable Development, Jo\u00eblle Welfring, will discuss the importance of the &#8220;Klimapakt fir Betriber&#8221; and outline the government&#8217;s current commitments.<\/p>\n<\/div><\/div>\n\n\n\n<h2 class=\"wp-block-heading\">Dedicated support tools<\/h2>\n\n\n\n<p class=\"has-light-green-background-color has-background\">Klima-Agence, in collaboration with Luxinnovation and in close partnership with the relevant industries, supports companies by offering them easily accessible and attractive support, through an integrated catalogue of standardised measures including advice, a toolbox, co-financing for investments and contacts with key players and other companies. This catalogue will form the core of the klimapaktfirbetriber.lu portal and will go online in early spring.<br><\/p>\n\n\n\n<div class=\"wp-block-columns is-layout-flex wp-container-core-columns-is-layout-9d6595d7 wp-block-columns-is-layout-flex\">\n<div class=\"wp-block-column is-layout-flow wp-block-column-is-layout-flow\" style=\"flex-basis:50%\">\n<p>Klima-Agence, as a national partner in energy and climate issues for private individuals, local authorities, professionals and state institutions, benefits from expertise rooted at local, regional and municipal level, which it also makes available to companies through programmes such as the FEDIL Voluntary Agreement and various support tools for energy efficiency and climate protection. This growing portfolio of tools includes the national solar cadastre, a networking tool for charging infrastructure projects, a list of planners for photovoltaic projects, and a guide to planning charging infrastructure. core\/paragraph<\/p>\n<\/div>\n\n\n\n<div class=\"wp-block-column is-layout-flow wp-block-column-is-layout-flow\" style=\"flex-basis:50%\">\n<p>Its expertise in the management and ongoing development of the Climate Pact for municipalities since 2013 also enables Klima-Agence to facilitate the promotion of the <span lang=\"lu\">Klimapakt fir Betriber<\/span> at regional level by harnessing the synergies between the various initiatives. In the spring, the organisation of a <span lang=\"en\">roadshow<\/span> to meet companies will create decentralised forums for exchange and showcase the various <span lang=\"lu\">Klimapakt fir Betriber<\/span> instruments.<\/p>\n\n\n\n<div class=\"wp-block-buttons is-layout-flex wp-block-buttons-is-layout-flex\">\n<div class=\"wp-block-button\"><a class=\"wp-block-button__link wp-element-button\" href=\"https:\/\/www.klima-agence.lu\/en\/communique-lancement-klimapakt-fir-betriber\" target=\"_blank\" rel=\"noreferrer noopener\">Press release<\/a><\/div>\n<\/div>\n<\/div>\n<\/div>\n\n\n\n<h2 class=\"wp-block-heading\">Presentations:<\/h2>\n\n\n\n<h4 class=\"wp-block-heading\">Here you will find the presentations from the launch conference, which you can download and consult at your leisure. <\/h4>\n\n\n\n  <div class=\"fullwidth block-file\">\n    <div class=\"wrapper main-content box box-white\">\n      <div class=\"row\">\n        <div class=\"col\">\n          <div class=\"box-row\">\n            <div class=\"block-file-title\">\n              <h3>\n                Mobilit\u00e9 \u00e9lectrique              <\/h3>\n            <\/div>\n            <div class=\"block-file-informations\">\n              <div class=\"block-file-type\">\n                pdf &#8211; 777.53 KB              <\/div>\n              <div class=\"block-file-date\">\n                March 2023              <\/div>\n            <\/div>\n          <\/div>\n        <\/div>\n        <div class=\"col\">\n          <div class=\"btn btn-green\">\n            <a href=\"https:\/\/dev.klimapaktfirbetriber.lu\/wp-content\/uploads\/2023\/03\/Mobilite-electrique.pdf\" target=\"_blank\" aria-label=\"T\u00e9l\u00e9charger\">\n              T\u00e9l\u00e9charger            <\/a>\n          <\/div>\n        <\/div>\n      <\/div>\n    <\/div>\n  <\/div>\n\n\n  <div class=\"fullwidth block-file\">\n    <div class=\"wrapper main-content box box-white\">\n      <div class=\"row\">\n        <div class=\"col\">\n          <div class=\"box-row\">\n            <div class=\"block-file-title\">\n              <h3>\n                Electrification-du-parc-de-vehicules              <\/h3>\n            <\/div>\n            <div class=\"block-file-informations\">\n              <div class=\"block-file-type\">\n                pdf &#8211; 824.14 KB              <\/div>\n              <div class=\"block-file-date\">\n                March 2023              <\/div>\n            <\/div>\n          <\/div>\n        <\/div>\n        <div class=\"col\">\n          <div class=\"btn btn-green\">\n            <a href=\"https:\/\/dev.klimapaktfirbetriber.lu\/wp-content\/uploads\/2023\/03\/Electrification-du-parc-de-vehicules.pdf\" target=\"_blank\" aria-label=\"T\u00e9l\u00e9charger\">\n              T\u00e9l\u00e9charger            <\/a>\n          <\/div>\n        <\/div>\n      <\/div>\n    <\/div>\n  <\/div>\n\n\n  <div class=\"fullwidth block-file\">\n    <div class=\"wrapper main-content box box-white\">\n      <div class=\"row\">\n        <div class=\"col\">\n          <div class=\"box-row\">\n            <div class=\"block-file-title\">\n              <h3>\n                KMU mit Weitsicht auf den Weg zu Netto-Null CO2              <\/h3>\n            <\/div>\n            <div class=\"block-file-informations\">\n              <div class=\"block-file-type\">\n                pdf &#8211; 1.35 MB              <\/div>\n              <div class=\"block-file-date\">\n                March 2023              <\/div>\n            <\/div>\n          <\/div>\n        <\/div>\n        <div class=\"col\">\n          <div class=\"btn btn-green\">\n            <a href=\"https:\/\/dev.klimapaktfirbetriber.lu\/wp-content\/uploads\/2023\/03\/KMU-mit-Weitsicht-auf-den-Weg-zu-Netto-Null-CO2.pdf\" target=\"_blank\" aria-label=\"T\u00e9l\u00e9charger\">\n              T\u00e9l\u00e9charger            <\/a>\n          <\/div>\n        <\/div>\n      <\/div>\n    <\/div>\n  <\/div>\n\n\n  <div class=\"fullwidth block-file\">\n    <div class=\"wrapper main-content box box-white\">\n      <div class=\"row\">\n        <div class=\"col\">\n          <div class=\"box-row\">\n            <div class=\"block-file-title\">\n              <h3>\n                Le PV en entreprise comment s&#8217;y prendre              <\/h3>\n            <\/div>\n            <div class=\"block-file-informations\">\n              <div class=\"block-file-type\">\n                pdf &#8211; 602.08 KB              <\/div>\n              <div class=\"block-file-date\">\n                March 2023              <\/div>\n            <\/div>\n          <\/div>\n        <\/div>\n        <div class=\"col\">\n          <div class=\"btn btn-green\">\n            <a href=\"https:\/\/dev.klimapaktfirbetriber.lu\/wp-content\/uploads\/2023\/03\/Le-PV-en-entreprise-comment-sy-prendre.pdf\" target=\"_blank\" aria-label=\"T\u00e9l\u00e9charger\">\n              T\u00e9l\u00e9charger            <\/a>\n          <\/div>\n        <\/div>\n      <\/div>\n    <\/div>\n  <\/div>\n\n\n  <div class=\"fullwidth block-file\">\n    <div class=\"wrapper main-content box box-white\">\n      <div class=\"row\">\n        <div class=\"col\">\n          <div class=\"box-row\">\n            <div class=\"block-file-title\">\n              <h3>\n                Photovolta\u00efque carport solaire              <\/h3>\n            <\/div>\n            <div class=\"block-file-informations\">\n              <div class=\"block-file-type\">\n                pdf &#8211; 1.03 MB              <\/div>\n              <div class=\"block-file-date\">\n                March 2023              <\/div>\n            <\/div>\n          <\/div>\n        <\/div>\n        <div class=\"col\">\n          <div class=\"btn btn-green\">\n            <a href=\"https:\/\/dev.klimapaktfirbetriber.lu\/wp-content\/uploads\/2023\/03\/Photovoltaique-carport-solaire.pdf\" target=\"_blank\" aria-label=\"T\u00e9l\u00e9charger\">\n              T\u00e9l\u00e9charger            <\/a>\n          <\/div>\n        <\/div>\n      <\/div>\n    <\/div>\n  <\/div>\n\n\n  <div class=\"fullwidth block-file\">\n    <div class=\"wrapper main-content box box-white\">\n      <div class=\"row\">\n        <div class=\"col\">\n          <div class=\"box-row\">\n            <div class=\"block-file-title\">\n              <h3>\n                Pitch time \u00e9lectromobilit\u00e9 + t\u00e9moignage              <\/h3>\n            <\/div>\n            <div class=\"block-file-informations\">\n              <div class=\"block-file-type\">\n                pdf &#8211; 1.30 MB              <\/div>\n              <div class=\"block-file-date\">\n                March 2023              <\/div>\n            <\/div>\n          <\/div>\n        <\/div>\n        <div class=\"col\">\n          <div class=\"btn btn-green\">\n            <a href=\"https:\/\/dev.klimapaktfirbetriber.lu\/wp-content\/uploads\/2023\/03\/Pitch-time-electromobilite-temoignage.pdf\" target=\"_blank\" aria-label=\"T\u00e9l\u00e9charger\">\n              T\u00e9l\u00e9charger            <\/a>\n          <\/div>\n        <\/div>\n      <\/div>\n    <\/div>\n  <\/div>\n\n\n  <div class=\"fullwidth block-file\">\n    <div class=\"wrapper main-content box box-white\">\n      <div class=\"row\">\n        <div class=\"col\">\n          <div class=\"box-row\">\n            <div class=\"block-file-title\">\n              <h3>\n                FIT 4 SUSTAINABILITY2              <\/h3>\n            <\/div>\n            <div class=\"block-file-informations\">\n              <div class=\"block-file-type\">\n                pdf &#8211; 718.87 KB              <\/div>\n              <div class=\"block-file-date\">\n                March 2023              <\/div>\n            <\/div>\n          <\/div>\n        <\/div>\n        <div class=\"col\">\n          <div class=\"btn btn-green\">\n            <a href=\"https:\/\/dev.klimapaktfirbetriber.lu\/wp-content\/uploads\/2023\/03\/FIT-4-SUSTAINABILITY2.pdf\" target=\"_blank\" aria-label=\"T\u00e9l\u00e9charger\">\n              T\u00e9l\u00e9charger            <\/a>\n          <\/div>\n        <\/div>\n      <\/div>\n    <\/div>\n  <\/div>\n\n\n  <div class=\"fullwidth block-file\">\n    <div class=\"wrapper main-content box box-white\">\n      <div class=\"row\">\n        <div class=\"col\">\n          <div class=\"box-row\">\n            <div class=\"block-file-title\">\n              <h3>\n                Soutenir durablement les PME luxembourgeoises dans leur d\u00e9veloppement              <\/h3>\n            <\/div>\n            <div class=\"block-file-informations\">\n              <div class=\"block-file-type\">\n                pdf &#8211; 846.00 KB              <\/div>\n              <div class=\"block-file-date\">\n                March 2023              <\/div>\n            <\/div>\n          <\/div>\n        <\/div>\n        <div class=\"col\">\n          <div class=\"btn btn-green\">\n            <a href=\"https:\/\/dev.klimapaktfirbetriber.lu\/wp-content\/uploads\/2023\/03\/Soutenir-durablement-les-PME-luxembourgeoises-dans-leur-developpement.pdf\" target=\"_blank\" aria-label=\"T\u00e9l\u00e9charger\">\n              T\u00e9l\u00e9charger            <\/a>\n          <\/div>\n        <\/div>\n      <\/div>\n    <\/div>\n  <\/div>\n\n\n  <div class=\"fullwidth block-file\">\n    <div class=\"wrapper main-content box box-white\">\n      <div class=\"row\">\n        <div class=\"col\">\n          <div class=\"box-row\">\n            <div class=\"block-file-title\">\n              <h3>\n                Pitch time photovolta\u00efque + t\u00e9mpoignage              <\/h3>\n            <\/div>\n            <div class=\"block-file-informations\">\n              <div class=\"block-file-type\">\n                pdf &#8211; 877.05 KB              <\/div>\n              <div class=\"block-file-date\">\n                March 2023              <\/div>\n            <\/div>\n          <\/div>\n        <\/div>\n        <div class=\"col\">\n          <div class=\"btn btn-green\">\n            <a href=\"https:\/\/dev.klimapaktfirbetriber.lu\/wp-content\/uploads\/2023\/03\/Pitch-time-photovoltaique-tempoignage.pdf\" target=\"_blank\" aria-label=\"T\u00e9l\u00e9charger\">\n              T\u00e9l\u00e9charger            <\/a>\n          <\/div>\n        <\/div>\n      <\/div>\n    <\/div>\n  <\/div>\n\n\n  <div class=\"fullwidth block-file\">\n    <div class=\"wrapper main-content box box-white\">\n      <div class=\"row\">\n        <div class=\"col\">\n          <div class=\"box-row\">\n            <div class=\"block-file-title\">\n              <h3>\n                Quelle valeur ajout\u00e9e pour les entreprises &#8211; Fenn Faber , Sasha Baillie              <\/h3>\n            <\/div>\n            <div class=\"block-file-informations\">\n              <div class=\"block-file-type\">\n                pdf &#8211; 1.76 MB              <\/div>\n              <div class=\"block-file-date\">\n                March 2023              <\/div>\n            <\/div>\n          <\/div>\n        <\/div>\n        <div class=\"col\">\n          <div class=\"btn btn-green\">\n            <a href=\"https:\/\/dev.klimapaktfirbetriber.lu\/wp-content\/uploads\/2023\/03\/Quelle-valeur-ajoutee-pour-les-entreprises-Fenn-Faber-Sasha-Baillie.pdf\" target=\"_blank\" aria-label=\"T\u00e9l\u00e9charger\">\n              T\u00e9l\u00e9charger            <\/a>\n          <\/div>\n        <\/div>\n      <\/div>\n    <\/div>\n  <\/div>\n\n","protected":false},"excerpt":{"rendered":"<p>In response to the climate emergency and the current energy crisis, the government is launching the &#8220;Klimapakt fir Betriber&#8221; programme to guide Luxembourg companies through this situation. The launch of the Klimapakt fir Betriber on Tuesday 10 January 2023 was an opportunity for the various partners in the government programme, whose operational management is provided [&hellip;]<\/p>\n","protected":false},"author":3,"featured_media":502,"comment_status":"closed","ping_status":"open","sticky":false,"template":"","format":"standard","meta":{"_acf_changed":false,"footnotes":""},"categories":[59],"tags":[],"class_list":["post-1454","post","type-post","status-publish","format-standard","has-post-thumbnail","hentry","category-news"],"acf":[],"_links":{"self":[{"href":"https:\/\/dev.klimapaktfirbetriber.lu\/en\/wp-json\/wp\/v2\/posts\/1454","targetHints":{"allow":["GET"]}}],"collection":[{"href":"https:\/\/dev.klimapaktfirbetriber.lu\/en\/wp-json\/wp\/v2\/posts"}],"about":[{"href":"https:\/\/dev.klimapaktfirbetriber.lu\/en\/wp-json\/wp\/v2\/types\/post"}],"author":[{"embeddable":true,"href":"https:\/\/dev.klimapaktfirbetriber.lu\/en\/wp-json\/wp\/v2\/users\/3"}],"replies":[{"embeddable":true,"href":"https:\/\/dev.klimapaktfirbetriber.lu\/en\/wp-json\/wp\/v2\/comments?post=1454"}],"version-history":[{"count":3,"href":"https:\/\/dev.klimapaktfirbetriber.lu\/en\/wp-json\/wp\/v2\/posts\/1454\/revisions"}],"predecessor-version":[{"id":1630,"href":"https:\/\/dev.klimapaktfirbetriber.lu\/en\/wp-json\/wp\/v2\/posts\/1454\/revisions\/1630"}],"wp:featuredmedia":[{"embeddable":true,"href":"https:\/\/dev.klimapaktfirbetriber.lu\/en\/wp-json\/wp\/v2\/media\/502"}],"wp:attachment":[{"href":"https:\/\/dev.klimapaktfirbetriber.lu\/en\/wp-json\/wp\/v2\/media?parent=1454"}],"wp:term":[{"taxonomy":"category","embeddable":true,"href":"https:\/\/dev.klimapaktfirbetriber.lu\/en\/wp-json\/wp\/v2\/categories?post=1454"},{"taxonomy":"post_tag","embeddable":true,"href":"https:\/\/dev.klimapaktfirbetriber.lu\/en\/wp-json\/wp\/v2\/tags?post=1454"}],"curies":[{"name":"wp","href":"https:\/\/api.w.org\/{rel}","templated":true}]}}