{"id":1314,"date":"2023-07-31T16:32:32","date_gmt":"2023-07-31T14:32:32","guid":{"rendered":"https:\/\/dev.klimapaktfirbetriber.lu\/246-nouvelles-bornes-de-charge\/"},"modified":"2023-09-13T11:26:39","modified_gmt":"2023-09-13T09:26:39","slug":"246-new-charging-stations-co-financed-following-the-second-call-for-projects-to-support-companies-investing-in-electric-mobility","status":"publish","type":"post","link":"https:\/\/dev.klimapaktfirbetriber.lu\/en\/246-new-charging-stations-co-financed-following-the-second-call-for-projects-to-support-companies-investing-in-electric-mobility\/","title":{"rendered":"246 new charging stations co-financed following the second call for projects to support companies investing in electric mobility"},"content":{"rendered":"\n<p><strong>Press release from the Ministry of Energy and Spatial Planning \/ Ministry of the Economy (in french)<\/strong> <\/p>\n\n\n\n<p>Suite au deuxi\u00e8me appel \u00e0 projets accordant des&nbsp;<a href=\"http:\/\/guichet.public.lu\/fr\/actualites\/2022\/juillet\/29-aides-infrastructures-charges.html\" target=\"_blank\" rel=\"noreferrer noopener\">aides financi\u00e8res<\/a>&nbsp;aux entreprises qui investissent dans des projets d&#8217;infrastructures de charge pour v\u00e9hicules \u00e9lectriques, 20 projets pour l&#8217;installation de 246 nouvelles bornes de charge ont \u00e9t\u00e9 retenus. Les entreprises concern\u00e9es b\u00e9n\u00e9ficieront d&#8217;une subvention allant jusqu&#8217;\u00e0 50% de leur investissement. Chaque infrastructure de charge est caract\u00e9ris\u00e9e par une capacit\u00e9 de charge qui est au moins \u00e9gale \u00e0 175 kilowatts.<\/p>\n\n\n\n<figure class=\"wp-block-image size-large\"><img decoding=\"async\" width=\"1024\" height=\"576\" src=\"https:\/\/dev.klimapaktfirbetriber.lu\/wp-content\/uploads\/2023\/04\/8-1024x576.jpg\" alt=\"\" class=\"wp-image-653\" srcset=\"https:\/\/dev.klimapaktfirbetriber.lu\/wp-content\/uploads\/2023\/04\/8-1024x576.jpg 1024w, https:\/\/dev.klimapaktfirbetriber.lu\/wp-content\/uploads\/2023\/04\/8-300x169.jpg 300w, https:\/\/dev.klimapaktfirbetriber.lu\/wp-content\/uploads\/2023\/04\/8-768x432.jpg 768w, https:\/\/dev.klimapaktfirbetriber.lu\/wp-content\/uploads\/2023\/04\/8-1536x864.jpg 1536w, https:\/\/dev.klimapaktfirbetriber.lu\/wp-content\/uploads\/2023\/04\/8-2048x1152.jpg 2048w\" sizes=\"(max-width: 1024px) 100vw, 1024px\" \/><\/figure>\n\n\n\n<p>R\u00e9partis sur l&#8217;ensemble du territoire luxembourgeois, les 20 projets retenus ont \u00e9t\u00e9 soumis par 17 entreprises, dont notamment des stations-service, des centres commerciaux, des artisans ou encore des entreprises industrielles. Le montant total des aides accord\u00e9es par l&#8217;\u00c9tat dans le cadre de cet appel \u00e0 projets est de 5 millions d&#8217;euros. Au total, 246 bornes seront subventionn\u00e9es, dont 180 bornes priv\u00e9es et 67 accessibles au public. La capacit\u00e9 de charge totale de ces bornes est de 20.784 kW.<\/p>\n\n\n\n<p>Le ministre de l&#8217;\u00c9nergie, Claude Turmes, se f\u00e9licite de l&#8217;issue de ce deuxi\u00e8me appel d&#8217;offres: &#8220;Les r\u00e9sultats tr\u00e8s encourageants&nbsp;de cet appel \u00e0 projets sont une nouvelle preuve que les entreprises luxembourgeoises sont pr\u00eates \u00e0 relever le d\u00e9fi de l&#8217;\u00e9lectromobilit\u00e9. Ces 246 bornes r\u00e9parties dans tout le pays sont une contribution importante \u00e0 la densification de l&#8217;infrastructure de charge, n\u00e9cessaire pour acc\u00e9l\u00e9rer l&#8217;essor de l&#8217;\u00e9lectromobilit\u00e9 au Luxembourg.&#8221;<\/p>\n\n\n\n<p>En compl\u00e9ment de la&nbsp;<a href=\"http:\/\/guichet.public.lu\/fr\/entreprises\/financement-aides\/aides-environnement\/vehicules-zero-emission\/aide-vehicules-zero-emission.html\" target=\"_blank\" rel=\"noreferrer noopener\">nouvelle aide financi\u00e8re<\/a>&nbsp;pour les entreprises pour l&#8217;acquisition de v\u00e9hicules utilitaires lourds \u00e0 z\u00e9ro \u00e9mission lanc\u00e9e en avril 2023, le prochain appel \u00e0 projets sera \u00e9galement ouvert aux entreprises souhaitant investir dans des projets d&#8217;infrastructures de charge d\u00e9di\u00e9es aux v\u00e9hicules utilitaires lourds (cat\u00e9gories N2 et N3). Cet appel \u00e0 projets s&#8217;\u00e9tendra du 15 septembre au 15 novembre 2023, et permettra une intensit\u00e9 d&#8217;aide allant jusqu&#8217;\u00e0 70%.<\/p>\n\n\n\n<p>Un autre appel \u00e0 projets, ouvert \u00e0 tout type d&#8217;infrastructure et avec une intensit\u00e9 d&#8217;aide maximale de 50%, sera \u00e9galement lanc\u00e9 du 1er&nbsp;d\u00e9cembre 2023 au 1er&nbsp;f\u00e9vrier 2024.<\/p>\n\n\n\n<p>Il y a lieu de rappeler qu&#8217;il existe un autre&nbsp;<a href=\"http:\/\/guichet.public.lu\/fr\/entreprises\/financement-aides\/aides-infrastructures-charge-vehicules-electriques\/aide-infrastructures-charges-portees-pme.html\" target=\"_blank\" rel=\"noreferrer noopener\">r\u00e9gime d&#8217;aide r\u00e9serv\u00e9 aux petites et moyennes entreprises<\/a>&nbsp;(PME) qui rel\u00e8ve, tout comme les appels \u00e0 projets, du plan pour la reprise et la r\u00e9silience du Grand-Duch\u00e9 de Luxembourg tel qu&#8217;approuv\u00e9 par la Commission europ\u00e9enne le 18 juin 2021. Ainsi, sur simple demande, les PME peuvent b\u00e9n\u00e9ficier d&#8217;une subvention allant jusqu&#8217;\u00e0 50% des co\u00fbts li\u00e9s aux bornes de charge et jusqu&#8217;\u00e0 60% des co\u00fbts li\u00e9s au raccordement au r\u00e9seau \u00e9lectrique. Cette aide est plafonn\u00e9e \u00e0 60.000 euros pour les co\u00fbts de raccordement au r\u00e9seau \u00e9lectrique et \u00e0 40.000 euros pour les autres co\u00fbts li\u00e9s au d\u00e9ploiement par entreprise.<\/p>\n\n\n\n<p>Le ministre de l&#8217;\u00c9conomie, Franz Fayot, commente: &#8220;Ce deuxi\u00e8me appel \u00e0 projets, les deux autres appels \u00e0 projets \u00e0 venir, ainsi que les diff\u00e9rents r\u00e9gimes d&#8217;aides financi\u00e8res mis en place, soutiennent pleinement les entreprises dans leur transition vers l&#8217;\u00e9lectromobilit\u00e9. Je suis ravi du succ\u00e8s rencontr\u00e9 par l&#8217;appel \u00e0 projets, preuve que les entreprises s&#8217;engagent dans la transition verte en contribuant \u00e0 la d\u00e9carbonisation des transports et aux efforts du gouvernement pour une mobilit\u00e9 plus durable au Luxembourg. \u00c0 terme, les entreprises qui optent pour de telles infrastructures et r\u00e9alisent des investissements durables seront plus comp\u00e9titives.&#8221;<\/p>\n","protected":false},"excerpt":{"rendered":"<p>Press release from the Ministry of Energy and Spatial Planning \/ Ministry of the Economy (in french) Suite au deuxi\u00e8me appel \u00e0 projets accordant des&nbsp;aides financi\u00e8res&nbsp;aux entreprises qui investissent dans des projets d&#8217;infrastructures de charge pour v\u00e9hicules \u00e9lectriques, 20 projets pour l&#8217;installation de 246 nouvelles bornes de charge ont \u00e9t\u00e9 retenus. Les entreprises concern\u00e9es b\u00e9n\u00e9ficieront [&hellip;]<\/p>\n","protected":false},"author":3,"featured_media":654,"comment_status":"closed","ping_status":"open","sticky":false,"template":"","format":"standard","meta":{"_acf_changed":false,"footnotes":""},"categories":[1,59],"tags":[],"class_list":["post-1314","post","type-post","status-publish","format-standard","has-post-thumbnail","hentry","category-non-classified","category-news"],"acf":[],"_links":{"self":[{"href":"https:\/\/dev.klimapaktfirbetriber.lu\/en\/wp-json\/wp\/v2\/posts\/1314","targetHints":{"allow":["GET"]}}],"collection":[{"href":"https:\/\/dev.klimapaktfirbetriber.lu\/en\/wp-json\/wp\/v2\/posts"}],"about":[{"href":"https:\/\/dev.klimapaktfirbetriber.lu\/en\/wp-json\/wp\/v2\/types\/post"}],"author":[{"embeddable":true,"href":"https:\/\/dev.klimapaktfirbetriber.lu\/en\/wp-json\/wp\/v2\/users\/3"}],"replies":[{"embeddable":true,"href":"https:\/\/dev.klimapaktfirbetriber.lu\/en\/wp-json\/wp\/v2\/comments?post=1314"}],"version-history":[{"count":2,"href":"https:\/\/dev.klimapaktfirbetriber.lu\/en\/wp-json\/wp\/v2\/posts\/1314\/revisions"}],"predecessor-version":[{"id":1621,"href":"https:\/\/dev.klimapaktfirbetriber.lu\/en\/wp-json\/wp\/v2\/posts\/1314\/revisions\/1621"}],"wp:featuredmedia":[{"embeddable":true,"href":"https:\/\/dev.klimapaktfirbetriber.lu\/en\/wp-json\/wp\/v2\/media\/654"}],"wp:attachment":[{"href":"https:\/\/dev.klimapaktfirbetriber.lu\/en\/wp-json\/wp\/v2\/media?parent=1314"}],"wp:term":[{"taxonomy":"category","embeddable":true,"href":"https:\/\/dev.klimapaktfirbetriber.lu\/en\/wp-json\/wp\/v2\/categories?post=1314"},{"taxonomy":"post_tag","embeddable":true,"href":"https:\/\/dev.klimapaktfirbetriber.lu\/en\/wp-json\/wp\/v2\/tags?post=1314"}],"curies":[{"name":"wp","href":"https:\/\/api.w.org\/{rel}","templated":true}]}}