{"id":757056,"date":"2025-02-24T10:16:17","date_gmt":"2025-02-24T09:16:17","guid":{"rendered":"https:\/\/dev.klimapaktfirbetriber.lu\/?p=757056"},"modified":"2025-04-01T14:52:53","modified_gmt":"2025-04-01T12:52:53","slug":"tagung-des-klimapakt-fir-betriber","status":"publish","type":"post","link":"https:\/\/dev.klimapaktfirbetriber.lu\/de\/tagung-des-klimapakt-fir-betriber\/","title":{"rendered":"Tagung des Klimapakt fir Betriber"},"content":{"rendered":"\n<p>Sind Sie eine F\u00fchrungskraft oder ein Experte f\u00fcr die Energiewende und arbeiten in einem KMU? Sind Sie bereit, Ihre Energiewende zu beschleunigen und Ihre Leistung zu verbessern? Entdecken Sie konkrete L\u00f6sungen und tauschen Sie sich mit Experten aus auf der Tagung des Klimapakt fir Betriber 2025.<\/p>\n\n\n\n<p>Klima-Agence und Luxinnovation laden Sie herzlich ein zur Tagung des Klimapakt fir Betriber 2025.<\/p>\n\n\n\n<p class=\"has-light-green-background-color has-background\">\ud83d\udcc5 Donnerstag, 3. April 2025<br>\u23f0 von 9:00 bis 16:30 Uhr<br>\ud83d\udccd in der Chambre des M\u00e9tiers<\/p>\n\n\n\n<h2 class=\"wp-block-heading\">Warum sollten Sie an dieser Veranstaltung teilnehmen?<\/h2>\n\n\n\n<ul class=\"wp-block-list\">\n<li>Entdecken Sie Energiel\u00f6sungen, die auf Ihr Unternehmen zugeschnitten sind.<\/li>\n\n\n\n<li>Profitieren Sie von einer pers\u00f6nlichen Betreuung.<\/li>\n\n\n\n<li>Tauschen Sie sich mit Experten und anderen Unternehmern aus.<\/li>\n\n\n\n<li>Erhalten Sie Zugang zu verf\u00fcgbaren Beihilfen und Subventionen.<\/li>\n<\/ul>\n\n\n\n<p>Ein Programm, das Ihnen konkrete L\u00f6sungen, fachkundige Beratung und Erfahrungsberichte zur Dekarbonisierung von KMU bietet.<\/p>\n\n\n\n<div class=\"wp-block-group has-light-green-background-color has-background\"><div class=\"wp-block-group__inner-container is-layout-constrained wp-block-group-is-layout-constrained\">\n<h2 class=\"wp-block-heading\">Das Programm<\/h2>\n\n\n\n<h3 class=\"wp-block-heading\">Ab 9:00 Uhr<\/h3>\n\n\n\n<p>Empfang mit Kaffee und Croissants.<\/p>\n\n\n\n<h3 class=\"wp-block-heading\">De 9h30 \u00e0 12h00<\/h3>\n\n\n\n<h4 class=\"wp-block-heading\">Themensitzungen<\/h4>\n\n\n\n<p>Sie k\u00f6nnen sich f\u00fcr bis zu zwei aufeinanderfolgende Sitzungen von jeweils 60 Minuten anmelden.<\/p>\n\n\n\n<p><strong>1.<\/strong> <strong>Versorgung meines Unternehmens mit erneuerbarer Energie<\/strong> &#8211; <em>auf Franz\u00f6sisch oder Luxemburgisch<\/em><\/p>\n\n\n\n<ul class=\"wp-block-list\">\n<li>Erkl\u00e4rungen zur Stromerzeugung aus Photovoltaikmodulen und zu den verschiedenen Verbrauchsoptionen: Eigenverbrauch oder Teilen von Strom.<\/li>\n\n\n\n<li>Vorstellung der F\u00f6rderprogramme.<\/li>\n<\/ul>\n\n\n\n<p><strong>2. Implementierung von Elektromobilit\u00e4tsl\u00f6sungen im Unternehmen <\/strong>&#8211; <em>auf Franz\u00f6sisch<\/em><\/p>\n\n\n\n<p><strong>3. Weiterbildungsangebot zur Dekarbonisierung von KMU<\/strong> &#8211; <em>auf Franz\u00f6sisch oder Luxemburgisch<\/em><\/p>\n\n\n\n<ul class=\"wp-block-list\">\n<li>Vorstellung der von \u00f6ffentlichen und privaten Akteuren im Rahmen des lifelong learning angebotenen Weiterbildungsangebote sowie der verf\u00fcgbaren Beihilfen.<\/li>\n\n\n\n<li>Austausch mit den Unternehmen \u00fcber Verbesserungsm\u00f6glichkeiten.<\/li>\n<\/ul>\n\n\n\n<p><strong>4. Monitoring der Auswirkungen der in meinem Unternehmen umgesetzten Ma\u00dfnahmen<\/strong> &#8211; <em>auf Franz\u00f6sisch oder Luxemburgisch<\/em><\/p>\n\n\n\n<ul class=\"wp-block-list\">\n<li>Erl\u00e4uterung des Nutzens des Monitorings und Vorstellung der wichtigsten Punkte des digitalen E-Tools.<\/li>\n\n\n\n<li>R\u00fcckmeldung der Unternehmen zur Umsetzung des Monitorings.<\/li>\n<\/ul>\n\n\n\n<p><\/p>\n\n\n\n<h3 class=\"wp-block-heading\">12:00 \u2013 13:30 Uhr<\/h3>\n\n\n\n<p>Mittagessen und Networking<\/p>\n\n\n\n<h3 class=\"wp-block-heading\">13:30 bis 16:30 Uhr<\/h3>\n\n\n\n<ul class=\"wp-block-list\">\n<li><strong>Aktuelles<\/strong> zum Klimapakt fir Betriber-Programm<\/li>\n\n\n\n<li>Vortrag \u201e<strong>Produzieren in Zeiten des Klimawandels<\/strong>\u201c von Dr.-Ing. Michael Heim (Energieeffizienzmoderator bei der Energieagentur S\u00fcdwest)<\/li>\n\n\n\n<li>Beitrag der Minister f\u00fcr Wirtschaft, KMU, Energie und Tourismus, <strong>Lex Delles<\/strong>, und f\u00fcr Umwelt, Klima und Biodiversit\u00e4t, <strong>Serge Wilmes<\/strong><\/li>\n\n\n\n<li>Die folgenden Unternehmen werden ihre Erfahrungen mit der Dekarbonisierung vorstellen, bevor es zu einer Podiumsdiskussion und einer Frage-und-Antwort-Runde kommt:\n<ul class=\"wp-block-list\">\n<li>Brasserie Simon<\/li>\n\n\n\n<li>Bonaria Fr\u00e8res<\/li>\n\n\n\n<li>Bel-Air Hotel<\/li>\n\n\n\n<li>Steffen Holzbau<\/li>\n<\/ul>\n<\/li>\n<\/ul>\n\n\n\n<p>Die Vortr\u00e4ge werden auf Luxemburgisch oder Deutsch gehalten und simultan ins Franz\u00f6sische \u00fcbersetzt.<\/p>\n\n\n\n<h3 class=\"wp-block-heading\">Ab 16:30 Uhr<\/h3>\n\n\n\n<p>Cocktail<\/p>\n<\/div><\/div>\n\n\n\n<h2 class=\"wp-block-heading\">Anmeldung<\/h2>\n\n\n\n<p>Die Anmeldungen sind nun abgeschlossen. Wenn Sie jedoch weiterhin Interesse haben, k\u00f6nnen Sie sich per E-Mail unter folgender Adresse anmelden: <a href=\"mailto:communication@klima-agence.lu\">communication@klima-agence.lu<\/a>.<\/p>\n\n\n\n<div class=\"wp-block-media-text is-stacked-on-mobile\"><figure class=\"wp-block-media-text__media\"><img decoding=\"async\" width=\"1000\" height=\"556\" src=\"https:\/\/dev.klimapaktfirbetriber.lu\/wp-content\/uploads\/2025\/02\/LOGO_QUADRI_AI_Green-event.png\" alt=\"Green Buesiness Events logo\" class=\"wp-image-830876 size-full\" srcset=\"https:\/\/dev.klimapaktfirbetriber.lu\/wp-content\/uploads\/2025\/02\/LOGO_QUADRI_AI_Green-event.png 1000w, https:\/\/dev.klimapaktfirbetriber.lu\/wp-content\/uploads\/2025\/02\/LOGO_QUADRI_AI_Green-event-300x167.png 300w, https:\/\/dev.klimapaktfirbetriber.lu\/wp-content\/uploads\/2025\/02\/LOGO_QUADRI_AI_Green-event-768x427.png 768w\" sizes=\"(max-width: 1000px) 100vw, 1000px\" \/><\/figure><div class=\"wp-block-media-text__content\">\n<p>Diese Veranstaltung wird gem\u00e4\u00df den \u00f6kologischen und nachhaltigen Kriterien des Projekts \u201e<strong>Green Business Event<\/strong>\u201c organisiert. So werden den ganzen Tag \u00fcber lokale und biologische Produkte angeboten und die Verwendung von Einwegartikeln ist nicht gestattet. Weitere Informationen finden Sie unter <a href=\"http:\/\/greenbusinessevent.lu\" target=\"_blank\" rel=\"noopener\">greenbusinessevent.lu<\/a>.<\/p>\n<\/div><\/div>\n","protected":false},"excerpt":{"rendered":"<p>Sind Sie eine F\u00fchrungskraft oder ein Experte f\u00fcr die Energiewende und arbeiten in einem KMU? Sind Sie bereit, Ihre Energiewende zu beschleunigen und Ihre Leistung zu verbessern? Entdecken Sie konkrete L\u00f6sungen und tauschen Sie sich mit Experten aus auf der Tagung des Klimapakt fir Betriber 2025. Klima-Agence und Luxinnovation laden Sie herzlich ein zur Tagung [&hellip;]<\/p>\n","protected":false},"author":7,"featured_media":651940,"comment_status":"closed","ping_status":"closed","sticky":false,"template":"","format":"standard","meta":{"_acf_changed":false,"footnotes":""},"categories":[94],"tags":[],"class_list":["post-757056","post","type-post","status-publish","format-standard","has-post-thumbnail","hentry","category-veranstaltungen"],"acf":[],"_links":{"self":[{"href":"https:\/\/dev.klimapaktfirbetriber.lu\/de\/wp-json\/wp\/v2\/posts\/757056","targetHints":{"allow":["GET"]}}],"collection":[{"href":"https:\/\/dev.klimapaktfirbetriber.lu\/de\/wp-json\/wp\/v2\/posts"}],"about":[{"href":"https:\/\/dev.klimapaktfirbetriber.lu\/de\/wp-json\/wp\/v2\/types\/post"}],"author":[{"embeddable":true,"href":"https:\/\/dev.klimapaktfirbetriber.lu\/de\/wp-json\/wp\/v2\/users\/7"}],"replies":[{"embeddable":true,"href":"https:\/\/dev.klimapaktfirbetriber.lu\/de\/wp-json\/wp\/v2\/comments?post=757056"}],"version-history":[{"count":8,"href":"https:\/\/dev.klimapaktfirbetriber.lu\/de\/wp-json\/wp\/v2\/posts\/757056\/revisions"}],"predecessor-version":[{"id":937203,"href":"https:\/\/dev.klimapaktfirbetriber.lu\/de\/wp-json\/wp\/v2\/posts\/757056\/revisions\/937203"}],"wp:featuredmedia":[{"embeddable":true,"href":"https:\/\/dev.klimapaktfirbetriber.lu\/de\/wp-json\/wp\/v2\/media\/651940"}],"wp:attachment":[{"href":"https:\/\/dev.klimapaktfirbetriber.lu\/de\/wp-json\/wp\/v2\/media?parent=757056"}],"wp:term":[{"taxonomy":"category","embeddable":true,"href":"https:\/\/dev.klimapaktfirbetriber.lu\/de\/wp-json\/wp\/v2\/categories?post=757056"},{"taxonomy":"post_tag","embeddable":true,"href":"https:\/\/dev.klimapaktfirbetriber.lu\/de\/wp-json\/wp\/v2\/tags?post=757056"}],"curies":[{"name":"wp","href":"https:\/\/api.w.org\/{rel}","templated":true}]}}