{"id":69916,"date":"2024-10-07T16:50:01","date_gmt":"2024-10-07T14:50:01","guid":{"rendered":"https:\/\/dev.klimapaktfirbetriber.lu\/?p=69916"},"modified":"2024-10-07T17:01:43","modified_gmt":"2024-10-07T15:01:43","slug":"infoveranstaltung-elektromobilitaet-in-handwerksbetrieben","status":"publish","type":"post","link":"https:\/\/dev.klimapaktfirbetriber.lu\/de\/infoveranstaltung-elektromobilitaet-in-handwerksbetrieben\/","title":{"rendered":"Infoveranstaltung &#8211; Elektromobilit\u00e4t in Handwerksbetrieben"},"content":{"rendered":"\n<p>Im Herbst setzen wir unsere Roadshows f\u00fcr Handwerker fort, die darauf abzielen, die Elektromobilit\u00e4t in den Vordergrund zu stellen und von den Erfahrungen derjenigen zu profitieren, die bereits den Schritt gewagt haben.<\/p>\n\n\n\n<p>Die Handwerkskammer und die Klima-Agence laden Sie zu Informationsveranstaltungen \u00fcber Elektromobilit\u00e4t f\u00fcr Handwerksunternehmen im Rahmen des Klimapakt fir Betriber-Programms ein, einem staatlichen Unterst\u00fctzungsprogramm f\u00fcr die Dekarbonisierung und Energiewende der luxemburgischen Unternehmen.<\/p>\n\n\n\n<p>Die n\u00e4chste Sitzungen finden am 5. November von 17:30 bis 19:00 Uhr im Unternehmen CLK Constructions in Mertzig und am 7. November von 17:00 bis 18:30 Uhr im Unternehmen SOCOM in Foetz statt. W\u00e4hrend dieser Sitzungen werden alle praktischen Werkzeuge f\u00fcr Unternehmen vorgestellt. Diese Veranstaltungen bieten auch die M\u00f6glichkeit f\u00fcr Unternehmen und Akteure, die sich in diesem Bereich engagieren, sich auszutauschen.<\/p>\n\n\n\n<p>Melden Sie sich an, um Folgendes zu entdecken:<\/p>\n\n\n\n<ul class=\"wp-block-list\">\n<li>die Elektromobilit\u00e4t,\u00a0<\/li>\n\n\n\n<li>den Klimapakt fir Betriber,<\/li>\n\n\n\n<li>die Unterst\u00fctzungsm\u00f6glichkeiten,<\/li>\n\n\n\n<li>die staatlichen Beihilfen f\u00fcr Ihr Investitionsprojekt,<\/li>\n\n\n\n<li>sowie Erfahrungsberichte von Handwerkern, die bereits Elektromobilit\u00e4t eingef\u00fchrt haben.<\/li>\n<\/ul>\n","protected":false},"excerpt":{"rendered":"<p>Im Herbst setzen wir unsere Roadshows f\u00fcr Handwerker fort, die darauf abzielen, die Elektromobilit\u00e4t in den Vordergrund zu stellen und von den Erfahrungen derjenigen zu profitieren, die bereits den Schritt gewagt haben. Die Handwerkskammer und die Klima-Agence laden Sie zu Informationsveranstaltungen \u00fcber Elektromobilit\u00e4t f\u00fcr Handwerksunternehmen im Rahmen des Klimapakt fir Betriber-Programms ein, einem staatlichen Unterst\u00fctzungsprogramm [&hellip;]<\/p>\n","protected":false},"author":7,"featured_media":69783,"comment_status":"closed","ping_status":"closed","sticky":false,"template":"","format":"standard","meta":{"_acf_changed":false,"footnotes":""},"categories":[93],"tags":[],"class_list":["post-69916","post","type-post","status-publish","format-standard","has-post-thumbnail","hentry","category-actualites-de"],"acf":[],"_links":{"self":[{"href":"https:\/\/dev.klimapaktfirbetriber.lu\/de\/wp-json\/wp\/v2\/posts\/69916","targetHints":{"allow":["GET"]}}],"collection":[{"href":"https:\/\/dev.klimapaktfirbetriber.lu\/de\/wp-json\/wp\/v2\/posts"}],"about":[{"href":"https:\/\/dev.klimapaktfirbetriber.lu\/de\/wp-json\/wp\/v2\/types\/post"}],"author":[{"embeddable":true,"href":"https:\/\/dev.klimapaktfirbetriber.lu\/de\/wp-json\/wp\/v2\/users\/7"}],"replies":[{"embeddable":true,"href":"https:\/\/dev.klimapaktfirbetriber.lu\/de\/wp-json\/wp\/v2\/comments?post=69916"}],"version-history":[{"count":1,"href":"https:\/\/dev.klimapaktfirbetriber.lu\/de\/wp-json\/wp\/v2\/posts\/69916\/revisions"}],"predecessor-version":[{"id":69942,"href":"https:\/\/dev.klimapaktfirbetriber.lu\/de\/wp-json\/wp\/v2\/posts\/69916\/revisions\/69942"}],"wp:featuredmedia":[{"embeddable":true,"href":"https:\/\/dev.klimapaktfirbetriber.lu\/de\/wp-json\/wp\/v2\/media\/69783"}],"wp:attachment":[{"href":"https:\/\/dev.klimapaktfirbetriber.lu\/de\/wp-json\/wp\/v2\/media?parent=69916"}],"wp:term":[{"taxonomy":"category","embeddable":true,"href":"https:\/\/dev.klimapaktfirbetriber.lu\/de\/wp-json\/wp\/v2\/categories?post=69916"},{"taxonomy":"post_tag","embeddable":true,"href":"https:\/\/dev.klimapaktfirbetriber.lu\/de\/wp-json\/wp\/v2\/tags?post=69916"}],"curies":[{"name":"wp","href":"https:\/\/api.w.org\/{rel}","templated":true}]}}