{"id":504762,"date":"2025-01-13T13:38:59","date_gmt":"2025-01-13T12:38:59","guid":{"rendered":"https:\/\/dev.klimapaktfirbetriber.lu\/participez-a-la-session-dinformation-sur-lapprovisionnement-energetique-par-des-communautes-energetiques-regionales\/"},"modified":"2025-02-07T11:08:10","modified_gmt":"2025-02-07T10:08:10","slug":"infoveranstaltung-nachhaltige-energieversorgung","status":"publish","type":"post","link":"https:\/\/dev.klimapaktfirbetriber.lu\/de\/infoveranstaltung-nachhaltige-energieversorgung\/","title":{"rendered":"Nehmen Sie an der Informationsveranstaltung \u201eNachhaltige Energieversorgung durch erneuerbare Energiegemeinschaften \u2013 L\u00f6sungen und Praxisbeispiele\u201c teil"},"content":{"rendered":"\n<h2 class=\"wp-block-heading\">Erneuerbare Energiegemeinschaften: eine nachhaltige Versorgungsquelle<\/h2>\n\n\n\n<p>Klima-Agence, der nationale Partner f\u00fcr Energie und Klima, organisiert in Zusammenarbeit mit dem Natur- und Geopark M\u00ebllerdall die Veranstaltung <em>\u201eNachhaltige Energieversorgung durch erneuerbare Energiegemeinschaften \u2013 L\u00f6sungen und Praxisbeispiele\u201c.<\/em><\/p>\n\n\n\n<div class=\"wp-block-group has-light-green-background-color has-background is-content-justification-space-between is-nowrap is-layout-flex wp-container-core-group-is-layout-0dfbf163 wp-block-group-is-layout-flex\">\n<p><strong>Wann?<\/strong><br>10. Februar 2025, ab 16:00 Uhr<\/p>\n\n\n\n<p><strong>Wo?<\/strong><br>Trifolion, 2 Porte St. Willibrord, L-6486 Echternach<\/p>\n<\/div>\n\n\n\n<p>Im Rahmen dieser Veranstaltung m\u00f6chten wir Ihnen praxisorientierte L\u00f6sungen und erfolgreiche Beispiele erneuerbarer Energiegemeinschaften vorstellen. Gleichzeitig bietet die Konferenz eine Plattform, um gemeinsam mit Fachleuten und Teilnehmenden die Potenziale einer nachhaltigen Energieversorgung zu diskutieren<\/p>\n\n\n\n<p><strong>Programm:<\/strong><br><em>16:00<\/em> Begr\u00fc\u00dfung<br><em>16:15 <\/em>Nachhaltige und regionale Energieversorgung in Unternehmen<br><em>16:30<\/em> Was ist eine Energiegemeinschaft? Erkl\u00e4rung anhand von Beispielen<br><em>17:00 <\/em>Umsetzungsbeispiele aus dem Ausland<br><em>17:10<\/em> Erfahrungsbericht aus Luxemburg: Peintures Robin<br><em>17:20 <\/em>Unterst\u00fctzung bei der Umsetzung eines Projekts<br><em>17:30<\/em> Networking<\/p>\n\n\n\n<p><strong>Die Konferenz findet auf luxemburgisch statt.<\/strong><\/p>\n\n\n\n<p>Wir stehen Ihnen f\u00fcr weitere Informationen gerne per E-Mail unter <a href=\"mailto:%20entreprises@klima-agence.lu?subject=Ev\u00e9nement%20Approvisionnement%20\u00e9nerg\u00e9tique\" target=\"_blank\" rel=\"noreferrer noopener\">entreprises@klima-agence.lu<\/a> zur Verf\u00fcgung.<\/p>\n\n\n\n<h2 class=\"wp-block-heading\">Melden Sie sich f\u00fcr Veranstaltung an<\/h2>\n\n\n\n<p>Die Online-Anmeldungen f\u00fcr die Informationsveranstaltung \u201eNachhaltige Energieversorgung durch erneuerbare Energiegemeinschaften \u2013 L\u00f6sungen und Praxisbeispiele\u201c sind geschlossen. Sie k\u00f6nnen sich jedoch weiterhin per E-Mail unter <a href=\"mailto:communication@klima-agence.lu\">communication@klima-agence.lu<\/a> anmelden.<\/p>\n\n\n\n<p><\/p>\n","protected":false},"excerpt":{"rendered":"<p>Erneuerbare Energiegemeinschaften: eine nachhaltige Versorgungsquelle Klima-Agence, der nationale Partner f\u00fcr Energie und Klima, organisiert in Zusammenarbeit mit dem Natur- und Geopark M\u00ebllerdall die Veranstaltung \u201eNachhaltige Energieversorgung durch erneuerbare Energiegemeinschaften \u2013 L\u00f6sungen und Praxisbeispiele\u201c. Wann?10. Februar 2025, ab 16:00 Uhr Wo?Trifolion, 2 Porte St. Willibrord, L-6486 Echternach Im Rahmen dieser Veranstaltung m\u00f6chten wir Ihnen praxisorientierte L\u00f6sungen [&hellip;]<\/p>\n","protected":false},"author":3,"featured_media":508970,"comment_status":"closed","ping_status":"closed","sticky":false,"template":"","format":"standard","meta":{"_acf_changed":false,"footnotes":""},"categories":[93,94],"tags":[],"class_list":["post-504762","post","type-post","status-publish","format-standard","has-post-thumbnail","hentry","category-actualites-de","category-veranstaltungen"],"acf":[],"_links":{"self":[{"href":"https:\/\/dev.klimapaktfirbetriber.lu\/de\/wp-json\/wp\/v2\/posts\/504762","targetHints":{"allow":["GET"]}}],"collection":[{"href":"https:\/\/dev.klimapaktfirbetriber.lu\/de\/wp-json\/wp\/v2\/posts"}],"about":[{"href":"https:\/\/dev.klimapaktfirbetriber.lu\/de\/wp-json\/wp\/v2\/types\/post"}],"author":[{"embeddable":true,"href":"https:\/\/dev.klimapaktfirbetriber.lu\/de\/wp-json\/wp\/v2\/users\/3"}],"replies":[{"embeddable":true,"href":"https:\/\/dev.klimapaktfirbetriber.lu\/de\/wp-json\/wp\/v2\/comments?post=504762"}],"version-history":[{"count":8,"href":"https:\/\/dev.klimapaktfirbetriber.lu\/de\/wp-json\/wp\/v2\/posts\/504762\/revisions"}],"predecessor-version":[{"id":662307,"href":"https:\/\/dev.klimapaktfirbetriber.lu\/de\/wp-json\/wp\/v2\/posts\/504762\/revisions\/662307"}],"wp:featuredmedia":[{"embeddable":true,"href":"https:\/\/dev.klimapaktfirbetriber.lu\/de\/wp-json\/wp\/v2\/media\/508970"}],"wp:attachment":[{"href":"https:\/\/dev.klimapaktfirbetriber.lu\/de\/wp-json\/wp\/v2\/media?parent=504762"}],"wp:term":[{"taxonomy":"category","embeddable":true,"href":"https:\/\/dev.klimapaktfirbetriber.lu\/de\/wp-json\/wp\/v2\/categories?post=504762"},{"taxonomy":"post_tag","embeddable":true,"href":"https:\/\/dev.klimapaktfirbetriber.lu\/de\/wp-json\/wp\/v2\/tags?post=504762"}],"curies":[{"name":"wp","href":"https:\/\/api.w.org\/{rel}","templated":true}]}}