{"id":3784,"date":"2024-06-19T14:50:13","date_gmt":"2024-06-19T12:50:13","guid":{"rendered":"https:\/\/dev.klimapaktfirbetriber.lu\/lex-delles-a-presente-la-reforme-du-regime-daides-a-la-protection-de-lenvironnement-et-du-climat-instrument-majeur-pour-la-transition-ecologique-et-energetique-des-entreprises-luxembourgeoises\/"},"modified":"2024-06-27T14:40:46","modified_gmt":"2024-06-27T12:40:46","slug":"lex-delles-a-presente-la-reforme-du-regime-daides-a-la-protection-de-lenvironnement-et-du-climat-instrument-majeur-pour-la-transition-ecologique-et-energetique-des-entreprises-luxembourgeoises","status":"publish","type":"post","link":"https:\/\/dev.klimapaktfirbetriber.lu\/de\/lex-delles-a-presente-la-reforme-du-regime-daides-a-la-protection-de-lenvironnement-et-du-climat-instrument-majeur-pour-la-transition-ecologique-et-energetique-des-entreprises-luxembourgeoises\/","title":{"rendered":"Lex Delles a pr\u00e9sent\u00e9 la r\u00e9forme du r\u00e9gime d&#8217;aides \u00e0 la protection de l&#8217;environnement et du climat: &#8222;Instrument majeur pour la transition \u00e9cologique et \u00e9nerg\u00e9tique des entreprises luxembourgeoises&#8220;"},"content":{"rendered":"\n<p><em>Communiqu\u00e9 par le minist\u00e8re de l&#8217;\u00c9conomie<\/em><\/p>\n\n\n\n<p>En date du 18 juin 2024, le ministre de l&#8217;\u00c9conomie, des PME, de l&#8217;\u00c9nergie et du Tourisme, Lex Delles, a pr\u00e9sent\u00e9 la r\u00e9forme du r\u00e9gime d&#8217;aides \u00e0 la protection de l&#8217;environnement et du climat pour les entreprises. Le projet de loi relatif \u00e0 cette r\u00e9forme s&#8217;inscrit dans la volont\u00e9 d&#8217;acc\u00e9l\u00e9rer la transition \u00e9cologique et \u00e9nerg\u00e9tique de l&#8217;\u00e9conomie luxembourgeoise et d&#8217;atteindre les objectifs climatiques du Luxembourg et en particulier ceux du plan int\u00e9gr\u00e9 en mati\u00e8re d&#8217;\u00e9nergie et de climat (PNEC), notamment dans le domaine de la d\u00e9carbonation, de l&#8217;efficacit\u00e9 \u00e9nerg\u00e9tique, du d\u00e9ploiement des \u00e9nergies renouvelables et de la s\u00e9curit\u00e9 de l&#8217;approvisionnement en \u00e9nergie au Luxembourg.<\/p>\n\n\n\n<p>En vue de r\u00e9aliser ces objectifs et d&#8217;inciter les entreprises \u00e0 acc\u00e9l\u00e9rer leur transition verte, la r\u00e9forme pr\u00e9voit huit types d&#8217;aides \u00e0 l&#8217;investissement, \u00e0 savoir:<\/p>\n\n\n\n<ul class=\"wp-block-list\">\n<li>Aide \u00e0 l&#8217;investissement en faveur de la protection de l&#8217;environnement, y compris la d\u00e9carbonation (p. ex. \u00e9lectrification d&#8217;une ligne de production)<\/li>\n\n\n\n<li>Aide \u00e0 l&#8217;investissement en faveur de l&#8217;acquisition de v\u00e9hicules routiers \u00e0 \u00e9mission nulle neufs et de la transformation de v\u00e9hicules routiers (p. ex. camions \u00e9lectriques\/\u00e0 hydrog\u00e8ne)<\/li>\n\n\n\n<li>Aide \u00e0 l&#8217;investissement en faveur des mesures promouvant l&#8217;efficacit\u00e9 \u00e9nerg\u00e9tique en dehors des b\u00e2timents (p. ex. \u00e9quipements pour la r\u00e9cup\u00e9ration de chaleur fatale)<\/li>\n\n\n\n<li>Aide \u00e0 l&#8217;investissement en faveur de la promotion de l&#8217;\u00e9nergie produite \u00e0 partir de sources renouvelables, de l&#8217;hydrog\u00e8ne renouvelable et de la cog\u00e9n\u00e9ration \u00e0 haut rendement<\/li>\n\n\n\n<li>Aide \u00e0 l&#8217;investissement en faveur des r\u00e9seaux de chaleur ou de froid efficaces (p. ex. r\u00e9seau de chauffage urbain)<\/li>\n\n\n\n<li>Aide \u00e0 l&#8217;investissement en faveur de l&#8217;utilisation efficace des ressources et du soutien \u00e0 la transition vers une \u00e9conomie circulaire (p. ex. un remplacement de mati\u00e8res premi\u00e8res primaires par des secondaires)<\/li>\n\n\n\n<li>Aide \u00e0 l&#8217;investissement en faveur des infrastructures \u00e9nerg\u00e9tiques (p. ex. futur r\u00e9seau de transport d&#8217;hydrog\u00e8ne)<\/li>\n\n\n\n<li>Aide aux \u00e9tudes et aux services de conseil sur des questions li\u00e9es \u00e0 la protection de l&#8217;environnement et \u00e0 l&#8217;\u00e9nergie<\/li>\n<\/ul>\n\n\n\n<p>Dans un but de r\u00e9duction de la consommation des \u00e9nergies fossiles, les investissements dans des actifs produisant, consommant ou transportant des \u00e9nergies fossiles sont exclus des r\u00e9gimes d&#8217;aides ou strictement encadr\u00e9s \u00e0 des cas exceptionnels sans mettre en danger l&#8217;objectif de d\u00e9carbonation de 2050.<\/p>\n\n\n\n<p>Afin de mieux cibler les domaines et technologies prioritaires pour la d\u00e9carbonation, la plupart des nouvelles aides sont uniquement octroy\u00e9es \u00e0 la suite d&#8217;appels \u00e0 projets dont l&#8217;objet pr\u00e9cis et le budget sont pr\u00e9alablement d\u00e9finis par le minist\u00e8re de l&#8217;\u00c9conomie. Ces appels seront lanc\u00e9s r\u00e9guli\u00e8rement et de mani\u00e8re continue afin d&#8217;accompagner les entreprises dans leur transition verte. Ainsi, le nouveau r\u00e9gime d&#8217;aides promeut l&#8217;\u00e9volution des nouvelles technologies n\u00e9cessaires pour l&#8217;atteinte des objectifs climatiques.<\/p>\n\n\n\n<p>Un accent est mis sur les infrastructures du futur incluant les r\u00e9seaux d&#8217;hydrog\u00e8ne et les r\u00e9seaux de chaleur\/froid. En effet, il faut aujourd&#8217;hui mettre les jalons pour favoriser les infrastructures qui transportent des \u00e9nergies renouvelables innovantes.<\/p>\n\n\n\n<p>La r\u00e9forme du r\u00e9gime d&#8217;aides \u00e0 la protection de l&#8217;environnement et du climat ne se limite cependant pas \u00e0 ces diff\u00e9rents types d&#8217;aides, mais vise \u00e9galement d&#8217;autres objectifs concrets, comme la simplification administrative. L&#8217;acc\u00e9l\u00e9ration du traitement des demandes sera assur\u00e9e par la fixation de d\u00e9lais de traitement, la mise en place de conditions plus souples pour les aides d&#8217;un faible montant (inf\u00e9rieures \u00e0 100.000 euros) et l&#8217;int\u00e9gration du principe selon lequel silence vaut accord pour l&#8217;octroi d&#8217;aides d&#8217;un faible montant (inf\u00e9rieures \u00e0 100.000 euros).<\/p>\n\n\n\n<p>Il convient de souligner que le projet de loi relatif \u00e0 la r\u00e9forme du r\u00e9gime d&#8217;aides \u00e0 la protection de l&#8217;environnement et du climat a \u00e9t\u00e9 d\u00e9pos\u00e9 \u00e0 la Chambre des d\u00e9put\u00e9s. C&#8217;est-\u00e0-dire, le r\u00e9gime d&#8217;aides n&#8217;est pas encore en vigueur, mais doit d&#8217;abord passer par la proc\u00e9dure l\u00e9gislative. Cependant, le r\u00e9gime actuel reste d&#8217;application jusqu&#8217;au vote de sa r\u00e9forme et peut \u00eatre consult\u00e9 sur le site&nbsp;<a href=\"https:\/\/guichet.public.lu\/fr\/entreprises\/financement-aides\/aides-environnement\/industrie-services\/aide-protec-environnement.html#accordionItem-accordionitem_services_en_ligne_et_formulaires\" target=\"_blank\" rel=\"noreferrer noopener\">myguichet.lu<\/a>.<\/p>\n\n\n\n<p>Le ministre de l&#8217;\u00c9conomie, des PME, de l&#8217;\u00c9nergie et du Tourisme, Lex Delles, souligne que &#8222;l&#8217;atteinte de nos objectifs climatiques est \u00e9troitement li\u00e9e \u00e0 la transition \u00e9cologique et \u00e9nerg\u00e9tique des entreprises luxembourgeoises. Soutenir les soci\u00e9t\u00e9s dans cette transition verte compte parmi mes priorit\u00e9s politiques. La r\u00e9forme du r\u00e9gime d&#8217;aides \u00e0 la protection de l&#8217;environnement et du climat constitue un instrument majeur pour la transition vers une \u00e9conomie neutre en carbone, notamment gr\u00e2ce \u00e0 la mise en place de mesures d&#8217;aides cibl\u00e9es qui incitent les entreprises \u00e0 mettre en \u0153uvre des projets durables tout en garantissant leur comp\u00e9titivit\u00e9&#8220;.<\/p>\n\n\n\n<p>Cr\u00e9dit photo : \u00a9MECO<\/p>\n","protected":false},"excerpt":{"rendered":"<p>Communiqu\u00e9 par le minist\u00e8re de l&#8217;\u00c9conomie En date du 18 juin 2024, le ministre de l&#8217;\u00c9conomie, des PME, de l&#8217;\u00c9nergie et du Tourisme, Lex Delles, a pr\u00e9sent\u00e9 la r\u00e9forme du r\u00e9gime d&#8217;aides \u00e0 la protection de l&#8217;environnement et du climat pour les entreprises. Le projet de loi relatif \u00e0 cette r\u00e9forme s&#8217;inscrit dans la volont\u00e9 [&hellip;]<\/p>\n","protected":false},"author":3,"featured_media":3779,"comment_status":"closed","ping_status":"open","sticky":false,"template":"","format":"standard","meta":{"_acf_changed":false,"footnotes":""},"categories":[93],"tags":[],"class_list":["post-3784","post","type-post","status-publish","format-standard","has-post-thumbnail","hentry","category-actualites-de"],"acf":[],"_links":{"self":[{"href":"https:\/\/dev.klimapaktfirbetriber.lu\/de\/wp-json\/wp\/v2\/posts\/3784","targetHints":{"allow":["GET"]}}],"collection":[{"href":"https:\/\/dev.klimapaktfirbetriber.lu\/de\/wp-json\/wp\/v2\/posts"}],"about":[{"href":"https:\/\/dev.klimapaktfirbetriber.lu\/de\/wp-json\/wp\/v2\/types\/post"}],"author":[{"embeddable":true,"href":"https:\/\/dev.klimapaktfirbetriber.lu\/de\/wp-json\/wp\/v2\/users\/3"}],"replies":[{"embeddable":true,"href":"https:\/\/dev.klimapaktfirbetriber.lu\/de\/wp-json\/wp\/v2\/comments?post=3784"}],"version-history":[{"count":1,"href":"https:\/\/dev.klimapaktfirbetriber.lu\/de\/wp-json\/wp\/v2\/posts\/3784\/revisions"}],"predecessor-version":[{"id":3786,"href":"https:\/\/dev.klimapaktfirbetriber.lu\/de\/wp-json\/wp\/v2\/posts\/3784\/revisions\/3786"}],"wp:featuredmedia":[{"embeddable":true,"href":"https:\/\/dev.klimapaktfirbetriber.lu\/de\/wp-json\/wp\/v2\/media\/3779"}],"wp:attachment":[{"href":"https:\/\/dev.klimapaktfirbetriber.lu\/de\/wp-json\/wp\/v2\/media?parent=3784"}],"wp:term":[{"taxonomy":"category","embeddable":true,"href":"https:\/\/dev.klimapaktfirbetriber.lu\/de\/wp-json\/wp\/v2\/categories?post=3784"},{"taxonomy":"post_tag","embeddable":true,"href":"https:\/\/dev.klimapaktfirbetriber.lu\/de\/wp-json\/wp\/v2\/tags?post=3784"}],"curies":[{"name":"wp","href":"https:\/\/api.w.org\/{rel}","templated":true}]}}