{"id":3680,"date":"2024-06-17T08:24:34","date_gmt":"2024-06-17T06:24:34","guid":{"rendered":"https:\/\/dev.klimapaktfirbetriber.lu\/entreprises-lancement-dun-appel-a-projets-de-7-millions-deuros-pour-les-infrastructures-de-charge-des-vehicules-electriques\/"},"modified":"2024-06-19T10:33:02","modified_gmt":"2024-06-19T08:33:02","slug":"entreprises-lancement-dun-appel-a-projets-de-7-millions-deuros-pour-les-infrastructures-de-charge-des-vehicules-electriques","status":"publish","type":"post","link":"https:\/\/dev.klimapaktfirbetriber.lu\/de\/entreprises-lancement-dun-appel-a-projets-de-7-millions-deuros-pour-les-infrastructures-de-charge-des-vehicules-electriques\/","title":{"rendered":"Unternehmen: Aufruf zur Einreichung von Projekten im Wert von 7 Mio. Euro f\u00fcr die Ladeinfrastruktur von Elektrofahrzeugen"},"content":{"rendered":"\n<p>Unternehmen k\u00f6nnen ab sofort ihre Ladeinfrastrukturprojekte \u00fcber MyGuichet.lu einreichen und Subventionen erhalten, um zur Entwicklung der nachhaltigen Mobilit\u00e4t beizutragen.<\/p>\n\n\n\n<h2 class=\"wp-block-heading\"><strong>5. Aufforderung zur Einreichung von Projekten f\u00fcr Ladeinfrastruktur<\/strong><\/h2>\n\n\n\n<p>Das Ministerium f\u00fcr Wirtschaft hat den f\u00fcnften Projektaufruf zur Entwicklung von Ladeinfrastruktur f\u00fcr Elektrofahrzeuge mit einem maximalen Budget von 7 Millionen Euro ver\u00f6ffentlicht. Die Ausschreibung l\u00e4uft vom 1. Juni 2024 bis zum 15. Oktober 2024. Unternehmen k\u00f6nnen ihre Projekte \u00fcber die Plattform MyGuichet.lu einreichen, um Subventionen zu erhalten, die einen Teil der Kosten f\u00fcr die Installation von Ladeinfrastruktur abdecken. Diese Beihilfe ist Teil der Anstrengungen der Regierung, erneuerbare Energien zu f\u00f6rdern und den \u00dcbergang zu einer nachhaltigen Mobilit\u00e4t zu unterst\u00fctzen.<\/p>\n\n\n\n<p>Luxinnovation und Klima-Agence bieten Ihnen <a href=\"https:\/\/dev.klimapaktfirbetriber.lu\/de\/massnahmen\/ladeinfrastruktur-fuer-elektrofahrzeuge-in-unternehmen-einrichten\/\">Unterst\u00fctzung bei der Projektentwicklung<\/a> an. Weitere Einzelheiten zu den F\u00f6rderkriterien und den Teilnahmebedingungen <a href=\"https:\/\/guichet.public.lu\/dam-assets\/catalogue-pdf\/aides-meco\/cahier-charges\/appel-projets-cahier-charges-fr.pdf\" target=\"_blank\" rel=\"noopener\">finden Sie im Lastenheft (franz\u00f6sisch, PDF)<\/a>, das auf der Seite <a href=\"https:\/\/guichet.public.lu\/de\/entreprises\/financement-aides\/infrastr-vehic-electriques\/aide-infrastructures-charge-appel-projets.html\" target=\"_blank\" rel=\"noopener\">\u201eBeihilfe zugunsten von Ladeinfrastrukturen infolge eines Projektaufrufs\u201c<\/a> verf\u00fcgbar ist.<\/p>\n\n\n\n<figure class=\"wp-block-image size-large\"><img decoding=\"async\" width=\"1024\" height=\"383\" src=\"https:\/\/dev.klimapaktfirbetriber.lu\/wp-content\/uploads\/2024\/06\/KA-Image-de-liste-3-1024x383.png\" alt=\"\" class=\"wp-image-3675\" srcset=\"https:\/\/dev.klimapaktfirbetriber.lu\/wp-content\/uploads\/2024\/06\/KA-Image-de-liste-3-1024x383.png 1024w, https:\/\/dev.klimapaktfirbetriber.lu\/wp-content\/uploads\/2024\/06\/KA-Image-de-liste-3-300x112.png 300w, https:\/\/dev.klimapaktfirbetriber.lu\/wp-content\/uploads\/2024\/06\/KA-Image-de-liste-3-768x287.png 768w, https:\/\/dev.klimapaktfirbetriber.lu\/wp-content\/uploads\/2024\/06\/KA-Image-de-liste-3.png 1338w\" sizes=\"(max-width: 1024px) 100vw, 1024px\" \/><\/figure>\n","protected":false},"excerpt":{"rendered":"<p>Unternehmen k\u00f6nnen ab sofort ihre Ladeinfrastrukturprojekte \u00fcber MyGuichet.lu einreichen und Subventionen erhalten, um zur Entwicklung der nachhaltigen Mobilit\u00e4t beizutragen. 5. Aufforderung zur Einreichung von Projekten f\u00fcr Ladeinfrastruktur Das Ministerium f\u00fcr Wirtschaft hat den f\u00fcnften Projektaufruf zur Entwicklung von Ladeinfrastruktur f\u00fcr Elektrofahrzeuge mit einem maximalen Budget von 7 Millionen Euro ver\u00f6ffentlicht. Die Ausschreibung l\u00e4uft vom 1. [&hellip;]<\/p>\n","protected":false},"author":3,"featured_media":3677,"comment_status":"closed","ping_status":"open","sticky":false,"template":"","format":"standard","meta":{"_acf_changed":false,"footnotes":""},"categories":[93],"tags":[],"class_list":["post-3680","post","type-post","status-publish","format-standard","has-post-thumbnail","hentry","category-actualites-de"],"acf":[],"_links":{"self":[{"href":"https:\/\/dev.klimapaktfirbetriber.lu\/de\/wp-json\/wp\/v2\/posts\/3680","targetHints":{"allow":["GET"]}}],"collection":[{"href":"https:\/\/dev.klimapaktfirbetriber.lu\/de\/wp-json\/wp\/v2\/posts"}],"about":[{"href":"https:\/\/dev.klimapaktfirbetriber.lu\/de\/wp-json\/wp\/v2\/types\/post"}],"author":[{"embeddable":true,"href":"https:\/\/dev.klimapaktfirbetriber.lu\/de\/wp-json\/wp\/v2\/users\/3"}],"replies":[{"embeddable":true,"href":"https:\/\/dev.klimapaktfirbetriber.lu\/de\/wp-json\/wp\/v2\/comments?post=3680"}],"version-history":[{"count":1,"href":"https:\/\/dev.klimapaktfirbetriber.lu\/de\/wp-json\/wp\/v2\/posts\/3680\/revisions"}],"predecessor-version":[{"id":3684,"href":"https:\/\/dev.klimapaktfirbetriber.lu\/de\/wp-json\/wp\/v2\/posts\/3680\/revisions\/3684"}],"wp:featuredmedia":[{"embeddable":true,"href":"https:\/\/dev.klimapaktfirbetriber.lu\/de\/wp-json\/wp\/v2\/media\/3677"}],"wp:attachment":[{"href":"https:\/\/dev.klimapaktfirbetriber.lu\/de\/wp-json\/wp\/v2\/media?parent=3680"}],"wp:term":[{"taxonomy":"category","embeddable":true,"href":"https:\/\/dev.klimapaktfirbetriber.lu\/de\/wp-json\/wp\/v2\/categories?post=3680"},{"taxonomy":"post_tag","embeddable":true,"href":"https:\/\/dev.klimapaktfirbetriber.lu\/de\/wp-json\/wp\/v2\/tags?post=3680"}],"curies":[{"name":"wp","href":"https:\/\/api.w.org\/{rel}","templated":true}]}}