{"id":3645,"date":"2024-06-12T09:27:11","date_gmt":"2024-06-12T07:27:11","guid":{"rendered":"https:\/\/dev.klimapaktfirbetriber.lu\/lelectromobilite-dans-les-entreprises-artisanales\/"},"modified":"2024-06-12T09:50:51","modified_gmt":"2024-06-12T07:50:51","slug":"lelectromobilite-dans-les-entreprises-artisanales","status":"publish","type":"post","link":"https:\/\/dev.klimapaktfirbetriber.lu\/de\/lelectromobilite-dans-les-entreprises-artisanales\/","title":{"rendered":"Informationsveranstaltung: Elektromobilit\u00e4t in Handwerksbetrieben"},"content":{"rendered":"\n<p><br>Dieses Jahr findet eine Roadshow speziell f\u00fcr Handwerker statt, die darauf abzielt, Elektromobilit\u00e4t zu erkunden und von den Erfahrungen derjenigen zu profitieren, die bereits den Schritt gewagt haben.<\/p>\n\n\n\n<p>Diese Veranstaltung wird in luxemburgischer Sprache mit franz\u00f6sischen Folien abgehalten.<\/p>\n\n\n\n<p>Die Handwerkskammer und die Klima-Agence laden Sie zu Informationsveranstaltungen \u00fcber Elektromobilit\u00e4t f\u00fcr Handwerksunternehmen im Rahmen des Klimapakt fir Betriber-Programms ein, einem staatlichen Unterst\u00fctzungsprogramm f\u00fcr die Dekarbonisierung und Energiewende der luxemburgischen Unternehmen.<\/p>\n\n\n\n<p>Die erste Sitzung findet am 24. Juni von 16:00 bis 18:00 Uhr im Unternehmen Elektro Born &amp; Meyer in Hosingen statt und wird haupts\u00e4chlich Luxemburgisch abgehalten. W\u00e4hrend dieser Sitzung werden alle praktischen Werkzeuge f\u00fcr Unternehmen vorgestellt. Diese Veranstaltung bietet auch die M\u00f6glichkeit f\u00fcr Unternehmen und Akteure, die sich in diesem Bereich engagieren, sich auszutauschen.<\/p>\n\n\n\n<p>Melden Sie sich an, um Folgendes zu entdecken:<\/p>\n\n\n\n<ul class=\"wp-block-list\">\n<li>die Elektromobilit\u00e4t,\u00a0<\/li>\n\n\n\n<li>den Klimapakt fir Betriber,<\/li>\n\n\n\n<li>die Unterst\u00fctzungsm\u00f6glichkeiten,<\/li>\n\n\n\n<li>die staatlichen Beihilfen f\u00fcr Ihr Investitionsprojekt,<\/li>\n\n\n\n<li>sowie Erfahrungsberichte von Handwerkern, die bereits Elektromobilit\u00e4t eingef\u00fchrt haben.<\/li>\n<\/ul>\n\n\n\n<h2 class=\"wp-block-heading\">Programm<\/h2>\n\n\n\n<figure class=\"wp-block-table is-style-regular\"><table class=\"has-light-green-background-color has-background\"><tbody><tr><td><strong>16:00<\/strong><\/td><td><strong>Ankunft<\/strong><\/td><\/tr><tr><td><strong>16:15<\/strong><\/td><td><strong>Einleitung &#8211; Klima-Agence<\/strong><\/td><\/tr><tr><td><strong>16:35<\/strong><\/td><td><strong>Das Unterst\u00fctzungsangebot der Handwekskammer<\/strong><\/td><\/tr><tr><td><strong>16:45<\/strong><\/td><td><strong>Die staatlichen Beihilfen &#8211; Luxinnovation<\/strong><\/td><\/tr><tr><td><strong>16:55<\/strong><\/td><td><strong>Erfahrungsberichte<\/strong><\/td><\/tr><tr><td><strong>17:25<\/strong><\/td><td><strong>Networking Drink<\/strong><\/td><\/tr><\/tbody><\/table><\/figure>\n\n\n\n<h2 class=\"wp-block-heading\">Datum &amp; Uhrzeit<\/h2>\n\n\n\n<p>Montag, den 24. Juni 2024, von 16:00 Uhr bis 18:00 Uhr<\/p>\n\n\n\n<div style=\"height:0px\" aria-hidden=\"true\" class=\"wp-block-spacer\"><\/div>\n\n\n\n<h2 class=\"wp-block-heading\">Ort<\/h2>\n\n\n\n<p>Elektro Born &amp; Meyer S.\u00e0 r.l.<br>23, Bei der Kapell<br>L-9809 Hosingen<\/p>\n\n\n\n<div class=\"wp-block-buttons is-layout-flex wp-block-buttons-is-layout-flex\">\n<div class=\"wp-block-button\"><a class=\"wp-block-button__link wp-element-button\" href=\"https:\/\/www.cdm.lu\/agenda\/lelectromobilite-dans-les-entreprises-artisanales?lang=de\" target=\"_blank\" rel=\"noopener\">Anmeldung<\/a><\/div>\n<\/div>\n","protected":false},"excerpt":{"rendered":"<p>Dieses Jahr findet eine Roadshow speziell f\u00fcr Handwerker statt, die darauf abzielt, Elektromobilit\u00e4t zu erkunden und von den Erfahrungen derjenigen zu profitieren, die bereits den Schritt gewagt haben. Diese Veranstaltung wird in luxemburgischer Sprache mit franz\u00f6sischen Folien abgehalten. Die Handwerkskammer und die Klima-Agence laden Sie zu Informationsveranstaltungen \u00fcber Elektromobilit\u00e4t f\u00fcr Handwerksunternehmen im Rahmen des Klimapakt [&hellip;]<\/p>\n","protected":false},"author":3,"featured_media":3643,"comment_status":"closed","ping_status":"open","sticky":false,"template":"","format":"standard","meta":{"_acf_changed":false,"footnotes":""},"categories":[94],"tags":[],"class_list":["post-3645","post","type-post","status-publish","format-standard","has-post-thumbnail","hentry","category-veranstaltungen"],"acf":[],"_links":{"self":[{"href":"https:\/\/dev.klimapaktfirbetriber.lu\/de\/wp-json\/wp\/v2\/posts\/3645","targetHints":{"allow":["GET"]}}],"collection":[{"href":"https:\/\/dev.klimapaktfirbetriber.lu\/de\/wp-json\/wp\/v2\/posts"}],"about":[{"href":"https:\/\/dev.klimapaktfirbetriber.lu\/de\/wp-json\/wp\/v2\/types\/post"}],"author":[{"embeddable":true,"href":"https:\/\/dev.klimapaktfirbetriber.lu\/de\/wp-json\/wp\/v2\/users\/3"}],"replies":[{"embeddable":true,"href":"https:\/\/dev.klimapaktfirbetriber.lu\/de\/wp-json\/wp\/v2\/comments?post=3645"}],"version-history":[{"count":5,"href":"https:\/\/dev.klimapaktfirbetriber.lu\/de\/wp-json\/wp\/v2\/posts\/3645\/revisions"}],"predecessor-version":[{"id":3657,"href":"https:\/\/dev.klimapaktfirbetriber.lu\/de\/wp-json\/wp\/v2\/posts\/3645\/revisions\/3657"}],"wp:featuredmedia":[{"embeddable":true,"href":"https:\/\/dev.klimapaktfirbetriber.lu\/de\/wp-json\/wp\/v2\/media\/3643"}],"wp:attachment":[{"href":"https:\/\/dev.klimapaktfirbetriber.lu\/de\/wp-json\/wp\/v2\/media?parent=3645"}],"wp:term":[{"taxonomy":"category","embeddable":true,"href":"https:\/\/dev.klimapaktfirbetriber.lu\/de\/wp-json\/wp\/v2\/categories?post=3645"},{"taxonomy":"post_tag","embeddable":true,"href":"https:\/\/dev.klimapaktfirbetriber.lu\/de\/wp-json\/wp\/v2\/tags?post=3645"}],"curies":[{"name":"wp","href":"https:\/\/api.w.org\/{rel}","templated":true}]}}