{"id":3628,"date":"2024-01-31T15:05:00","date_gmt":"2024-01-31T14:05:00","guid":{"rendered":"https:\/\/dev.klimapaktfirbetriber.lu\/?p=3628"},"modified":"2024-06-10T15:23:24","modified_gmt":"2024-06-10T13:23:24","slug":"reception-avec-les-entreprises-de-niederanven-et-schuttrange","status":"publish","type":"post","link":"https:\/\/dev.klimapaktfirbetriber.lu\/de\/reception-avec-les-entreprises-de-niederanven-et-schuttrange\/","title":{"rendered":"Empfang mit den Firmen aus Niederanven und Sch\u00fcttringen"},"content":{"rendered":"\n<p class=\"has-small-font-size\">Am Montag, den 29. Januar, haben die Sch\u00f6ffenr\u00e4te der Gemeinden Niederanven und Sch\u00fcttringen, in Pr\u00e4senz des Ministers f\u00fcr Umwelt, Klima und Biodiversit\u00e4t, Herr Serge Wilmes, sowie des Ministers f\u00fcr Wirtschaft, KMU, Energie und Tourismus, Herr Lex Delles, das erste Mal auf einen Empfang mit den Firmen aus beiden Gemeinden, eingeladen.\u00a0Rund 120 Personen, darunter Gesch\u00e4ftsfrauen und -m\u00e4nner von 56 verschiedenen Firmen, haben den Weg in den Centre de Loisirs ,,Loisi&#8220; gefunden, um sich untereinander kennenzulernen und auszutauschen. Im Fokus stand die Pr\u00e4sentation von Klima-Agence \u00fcber die Ma\u00dfnahmen f\u00fcr die Energiewende f\u00fcr Firmen im Rahmen des Klimapakt fir Betriber Programms, ehe der Abend mit einem interessanten Networking zusammen mit den Gesch\u00e4ftsleuten, den Mitgliedern der Sch\u00f6ffen- und Gemeinder\u00e4te von Niederanven und Sch\u00fcttringen, sowie mit den Ministern, abgeschlossen wurde.<\/p>\n\n\n\n<figure class=\"wp-block-gallery has-nested-images columns-default is-cropped wp-block-gallery-1 is-layout-flex wp-block-gallery-is-layout-flex\">\n<figure class=\"wp-block-image size-large\"><img decoding=\"async\" width=\"955\" height=\"637\" data-id=\"3617\" src=\"https:\/\/dev.klimapaktfirbetriber.lu\/wp-content\/uploads\/2024\/06\/5433a5b0-f1c6-11ee-a8c7-e7ea35abdf1b-1.jpg\" alt=\"\" class=\"wp-image-3617\" srcset=\"https:\/\/dev.klimapaktfirbetriber.lu\/wp-content\/uploads\/2024\/06\/5433a5b0-f1c6-11ee-a8c7-e7ea35abdf1b-1.jpg 955w, https:\/\/dev.klimapaktfirbetriber.lu\/wp-content\/uploads\/2024\/06\/5433a5b0-f1c6-11ee-a8c7-e7ea35abdf1b-1-300x200.jpg 300w, https:\/\/dev.klimapaktfirbetriber.lu\/wp-content\/uploads\/2024\/06\/5433a5b0-f1c6-11ee-a8c7-e7ea35abdf1b-1-768x512.jpg 768w\" sizes=\"(max-width: 955px) 100vw, 955px\" \/><\/figure>\n\n\n\n<figure class=\"wp-block-image size-large\"><img decoding=\"async\" width=\"955\" height=\"637\" data-id=\"3614\" src=\"https:\/\/dev.klimapaktfirbetriber.lu\/wp-content\/uploads\/2024\/06\/54264ec0-f1c6-11ee-9e66-4d23afe9127f.jpg\" alt=\"\" class=\"wp-image-3614\" srcset=\"https:\/\/dev.klimapaktfirbetriber.lu\/wp-content\/uploads\/2024\/06\/54264ec0-f1c6-11ee-9e66-4d23afe9127f.jpg 955w, https:\/\/dev.klimapaktfirbetriber.lu\/wp-content\/uploads\/2024\/06\/54264ec0-f1c6-11ee-9e66-4d23afe9127f-300x200.jpg 300w, https:\/\/dev.klimapaktfirbetriber.lu\/wp-content\/uploads\/2024\/06\/54264ec0-f1c6-11ee-9e66-4d23afe9127f-768x512.jpg 768w\" sizes=\"(max-width: 955px) 100vw, 955px\" \/><\/figure>\n\n\n\n<figure class=\"wp-block-image size-large\"><img decoding=\"async\" width=\"955\" height=\"637\" data-id=\"3620\" src=\"https:\/\/dev.klimapaktfirbetriber.lu\/wp-content\/uploads\/2024\/06\/541f3200-f1c6-11ee-8b49-3d0a2afe83f6.jpg\" alt=\"\" class=\"wp-image-3620\" srcset=\"https:\/\/dev.klimapaktfirbetriber.lu\/wp-content\/uploads\/2024\/06\/541f3200-f1c6-11ee-8b49-3d0a2afe83f6.jpg 955w, https:\/\/dev.klimapaktfirbetriber.lu\/wp-content\/uploads\/2024\/06\/541f3200-f1c6-11ee-8b49-3d0a2afe83f6-300x200.jpg 300w, https:\/\/dev.klimapaktfirbetriber.lu\/wp-content\/uploads\/2024\/06\/541f3200-f1c6-11ee-8b49-3d0a2afe83f6-768x512.jpg 768w\" sizes=\"(max-width: 955px) 100vw, 955px\" \/><\/figure>\n\n\n\n<figure class=\"wp-block-image size-large\"><img decoding=\"async\" width=\"955\" height=\"637\" data-id=\"3623\" src=\"https:\/\/dev.klimapaktfirbetriber.lu\/wp-content\/uploads\/2024\/06\/53de23f0-f1c6-11ee-9539-212b35ef0db1.webp\" alt=\"\" class=\"wp-image-3623\" srcset=\"https:\/\/dev.klimapaktfirbetriber.lu\/wp-content\/uploads\/2024\/06\/53de23f0-f1c6-11ee-9539-212b35ef0db1.webp 955w, https:\/\/dev.klimapaktfirbetriber.lu\/wp-content\/uploads\/2024\/06\/53de23f0-f1c6-11ee-9539-212b35ef0db1-300x200.webp 300w, https:\/\/dev.klimapaktfirbetriber.lu\/wp-content\/uploads\/2024\/06\/53de23f0-f1c6-11ee-9539-212b35ef0db1-768x512.webp 768w\" sizes=\"(max-width: 955px) 100vw, 955px\" \/><\/figure>\n<\/figure>\n\n\n\n<p>\u00a9 Commune de Niederanven<\/p>\n","protected":false},"excerpt":{"rendered":"<p>Am Montag, den 29. Januar, haben die Sch\u00f6ffenr\u00e4te der Gemeinden Niederanven und Sch\u00fcttringen, in Pr\u00e4senz des Ministers f\u00fcr Umwelt, Klima und Biodiversit\u00e4t, Herr Serge Wilmes, sowie des Ministers f\u00fcr Wirtschaft, KMU, Energie und Tourismus, Herr Lex Delles, das erste Mal auf einen Empfang mit den Firmen aus beiden Gemeinden, eingeladen.\u00a0Rund 120 Personen, darunter Gesch\u00e4ftsfrauen und [&hellip;]<\/p>\n","protected":false},"author":3,"featured_media":3613,"comment_status":"closed","ping_status":"open","sticky":false,"template":"","format":"standard","meta":{"_acf_changed":false,"footnotes":""},"categories":[94],"tags":[],"class_list":["post-3628","post","type-post","status-publish","format-standard","has-post-thumbnail","hentry","category-veranstaltungen"],"acf":[],"_links":{"self":[{"href":"https:\/\/dev.klimapaktfirbetriber.lu\/de\/wp-json\/wp\/v2\/posts\/3628","targetHints":{"allow":["GET"]}}],"collection":[{"href":"https:\/\/dev.klimapaktfirbetriber.lu\/de\/wp-json\/wp\/v2\/posts"}],"about":[{"href":"https:\/\/dev.klimapaktfirbetriber.lu\/de\/wp-json\/wp\/v2\/types\/post"}],"author":[{"embeddable":true,"href":"https:\/\/dev.klimapaktfirbetriber.lu\/de\/wp-json\/wp\/v2\/users\/3"}],"replies":[{"embeddable":true,"href":"https:\/\/dev.klimapaktfirbetriber.lu\/de\/wp-json\/wp\/v2\/comments?post=3628"}],"version-history":[{"count":3,"href":"https:\/\/dev.klimapaktfirbetriber.lu\/de\/wp-json\/wp\/v2\/posts\/3628\/revisions"}],"predecessor-version":[{"id":3636,"href":"https:\/\/dev.klimapaktfirbetriber.lu\/de\/wp-json\/wp\/v2\/posts\/3628\/revisions\/3636"}],"wp:featuredmedia":[{"embeddable":true,"href":"https:\/\/dev.klimapaktfirbetriber.lu\/de\/wp-json\/wp\/v2\/media\/3613"}],"wp:attachment":[{"href":"https:\/\/dev.klimapaktfirbetriber.lu\/de\/wp-json\/wp\/v2\/media?parent=3628"}],"wp:term":[{"taxonomy":"category","embeddable":true,"href":"https:\/\/dev.klimapaktfirbetriber.lu\/de\/wp-json\/wp\/v2\/categories?post=3628"},{"taxonomy":"post_tag","embeddable":true,"href":"https:\/\/dev.klimapaktfirbetriber.lu\/de\/wp-json\/wp\/v2\/tags?post=3628"}],"curies":[{"name":"wp","href":"https:\/\/api.w.org\/{rel}","templated":true}]}}