{"id":2001,"date":"2023-09-22T14:26:06","date_gmt":"2023-09-22T12:26:06","guid":{"rendered":"https:\/\/dev.klimapaktfirbetriber.lu\/cinquieme-roadshow-klimapakt-fir-betriber-a-hosingen\/"},"modified":"2023-09-22T14:38:04","modified_gmt":"2023-09-22T12:38:04","slug":"cinquieme-roadshow-klimapakt-fir-betriber-a-hosingen","status":"publish","type":"post","link":"https:\/\/dev.klimapaktfirbetriber.lu\/de\/cinquieme-roadshow-klimapakt-fir-betriber-a-hosingen\/","title":{"rendered":"F\u00fcnfte Roadshow Klimapakt fir Betriber in Hosingen"},"content":{"rendered":"\n<p>Die f\u00fcnfte Veranstaltung der Roadshow Klimapakt fir Betriber wurde von Klima-Agence in Zusammenarbeit mit dem Guichet unique PME, und dem Naturpark Our organisiert.<\/p>\n\n\n\n<p>Die Sitzung begann mit einer Einf\u00fchrung von Klima-Agence, in der die Ziele und das Engagement des Klimapakt fir Betriber dargelegt wurden, gefolgt von einer Pr\u00e4sentation der Instrumente des Programms durch Experten von Luxinnovation, House of Sustainability und Klima-Agence.<\/p>\n\n\n\n<p>Anschlie\u00dfend kamen drei Unternehmen zu Wort, die ihre Projekte im Bereich Dekarbonisierung und Energiewende vorgestellt haben:<\/p>\n\n\n\n<ul class=\"wp-block-list\">\n<li>Robbessch\u00e9ier stellte ihr Projekt \u201eNachhaltige Robbesscheier\u201c vor, welches u.a. ein globales Energiemonitoring umfasst und darauf hinzielt die Energieabh\u00e4ngigkeit zu verringern.<\/li>\n\n\n\n<li>KELLER minimal windows pr\u00e4sentierte die Ergebnisse einer umfassenden Studie \u00fcber ihren CO2-Fu\u00dfabdruck und ihren \u00dcbergang zur Verwendung von lokal recyceltem Aluminium, wodurch ihr aluminiumbezogener CO2-Fu\u00dfabdruck um die H\u00e4lfte reduziert wurde.<\/li>\n\n\n\n<li>Nexxtlab schloss die Pr\u00e4sentationen mit der Vorstellung seiner Echtzeit-Monitoring- und Steuerungssoftware f\u00fcr Privat- und Gesch\u00e4ftskunden ab.<\/li>\n<\/ul>\n\n\n\n<p>Die Veranstaltung wurde mit einem Austausch zwischen den Teilnehmern und den Experten der Programme Fit4 Sustainability und SME-Packages abgeschlossen, wodurch das Unterst\u00fctzungsnetzwerk f\u00fcr Unternehmen, die sich f\u00fcr die Energiewende und die Dekarbonisierung einsetzen, weiter gest\u00e4rkt wurde.<\/p>\n\n\n\n<figure class=\"wp-block-gallery has-nested-images columns-default is-cropped wp-block-gallery-1 is-layout-flex wp-block-gallery-is-layout-flex\">\n<figure class=\"wp-block-image size-large\"><img decoding=\"async\" width=\"1024\" height=\"576\" data-id=\"1994\" src=\"https:\/\/dev.klimapaktfirbetriber.lu\/wp-content\/uploads\/2023\/09\/IMG_E1549_small-1024x576.jpg\" alt=\"\" class=\"wp-image-1994\" srcset=\"https:\/\/dev.klimapaktfirbetriber.lu\/wp-content\/uploads\/2023\/09\/IMG_E1549_small-1024x576.jpg 1024w, https:\/\/dev.klimapaktfirbetriber.lu\/wp-content\/uploads\/2023\/09\/IMG_E1549_small-300x169.jpg 300w, https:\/\/dev.klimapaktfirbetriber.lu\/wp-content\/uploads\/2023\/09\/IMG_E1549_small-768x432.jpg 768w, https:\/\/dev.klimapaktfirbetriber.lu\/wp-content\/uploads\/2023\/09\/IMG_E1549_small-1536x864.jpg 1536w, https:\/\/dev.klimapaktfirbetriber.lu\/wp-content\/uploads\/2023\/09\/IMG_E1549_small-scaled.jpg 2048w\" sizes=\"(max-width: 1024px) 100vw, 1024px\" \/><\/figure>\n<\/figure>\n","protected":false},"excerpt":{"rendered":"<p>Die f\u00fcnfte Veranstaltung der Roadshow Klimapakt fir Betriber wurde von Klima-Agence in Zusammenarbeit mit dem Guichet unique PME, und dem Naturpark Our organisiert. Die Sitzung begann mit einer Einf\u00fchrung von Klima-Agence, in der die Ziele und das Engagement des Klimapakt fir Betriber dargelegt wurden, gefolgt von einer Pr\u00e4sentation der Instrumente des Programms durch Experten von [&hellip;]<\/p>\n","protected":false},"author":3,"featured_media":1996,"comment_status":"closed","ping_status":"open","sticky":false,"template":"","format":"standard","meta":{"_acf_changed":false,"footnotes":""},"categories":[94],"tags":[],"class_list":["post-2001","post","type-post","status-publish","format-standard","has-post-thumbnail","hentry","category-veranstaltungen"],"acf":[],"_links":{"self":[{"href":"https:\/\/dev.klimapaktfirbetriber.lu\/de\/wp-json\/wp\/v2\/posts\/2001","targetHints":{"allow":["GET"]}}],"collection":[{"href":"https:\/\/dev.klimapaktfirbetriber.lu\/de\/wp-json\/wp\/v2\/posts"}],"about":[{"href":"https:\/\/dev.klimapaktfirbetriber.lu\/de\/wp-json\/wp\/v2\/types\/post"}],"author":[{"embeddable":true,"href":"https:\/\/dev.klimapaktfirbetriber.lu\/de\/wp-json\/wp\/v2\/users\/3"}],"replies":[{"embeddable":true,"href":"https:\/\/dev.klimapaktfirbetriber.lu\/de\/wp-json\/wp\/v2\/comments?post=2001"}],"version-history":[{"count":3,"href":"https:\/\/dev.klimapaktfirbetriber.lu\/de\/wp-json\/wp\/v2\/posts\/2001\/revisions"}],"predecessor-version":[{"id":2007,"href":"https:\/\/dev.klimapaktfirbetriber.lu\/de\/wp-json\/wp\/v2\/posts\/2001\/revisions\/2007"}],"wp:featuredmedia":[{"embeddable":true,"href":"https:\/\/dev.klimapaktfirbetriber.lu\/de\/wp-json\/wp\/v2\/media\/1996"}],"wp:attachment":[{"href":"https:\/\/dev.klimapaktfirbetriber.lu\/de\/wp-json\/wp\/v2\/media?parent=2001"}],"wp:term":[{"taxonomy":"category","embeddable":true,"href":"https:\/\/dev.klimapaktfirbetriber.lu\/de\/wp-json\/wp\/v2\/categories?post=2001"},{"taxonomy":"post_tag","embeddable":true,"href":"https:\/\/dev.klimapaktfirbetriber.lu\/de\/wp-json\/wp\/v2\/tags?post=2001"}],"curies":[{"name":"wp","href":"https:\/\/api.w.org\/{rel}","templated":true}]}}