{"id":1591626,"date":"2025-08-05T15:40:02","date_gmt":"2025-08-05T13:40:02","guid":{"rendered":"https:\/\/dev.klimapaktfirbetriber.lu\/nouvelle-aide-en-faveur-des-infrastructures-de-charge-pour-les-pme\/"},"modified":"2025-08-05T15:55:31","modified_gmt":"2025-08-05T13:55:31","slug":"nouvelle-aide-en-faveur-des-infrastructures-de-charge-pour-les-pme","status":"publish","type":"post","link":"https:\/\/dev.klimapaktfirbetriber.lu\/de\/nouvelle-aide-en-faveur-des-infrastructures-de-charge-pour-les-pme\/","title":{"rendered":"Neue Beihilfe zugunsten von Ladeinfrastrukturen f\u00fcr KMU"},"content":{"rendered":"\n<h2 class=\"wp-block-heading\">Beihilfe zugunsten von Ladeinfrastrukturen, deren Tr\u00e4ger KMU sind<\/h2>\n\n\n\n<p>Kleine und mittlere Unternehmen (KMU) die Projekte zur Einrichtung privater Ladeinfrastrukturen umsetzen, k\u00f6nnen von einer neuen Beihilfe profitieren. Die Antr\u00e4ge f\u00fcr die Beihilfen m\u00fcssen bis zum 30. September 2026 online \u00fcber <a href=\"https:\/\/guichet.public.lu\/de\/entreprises\/financement-aides\/regime-pme\/aide-infrastructures-charges-portees-pme.html\" target=\"_blank\" data-type=\"link\" data-id=\"https:\/\/guichet.public.lu\/de\/entreprises\/financement-aides\/regime-pme\/aide-infrastructures-charges-portees-pme.html\" rel=\"noreferrer noopener\">myGuichet.lu<\/a> eingereicht werden.<\/p>\n\n\n\n<div class=\"wp-block-group has-light-green-background-color has-background\"><div class=\"wp-block-group__inner-container is-layout-constrained wp-block-group-is-layout-constrained\">\n<h3 class=\"wp-block-heading\">Starthilfe beim Projekt?<\/h3>\n\n\n\n<p>Die Ma\u00dfnahme <a href=\"https:\/\/dev.klimapaktfirbetriber.lu\/de\/massnahmen\/ladeinfrastruktur-fuer-elektrofahrzeuge-in-unternehmen-einrichten\/\" target=\"_blank\" rel=\"noreferrer noopener\">\u201eLadeinfrastruktur f\u00fcr Elektrofahrzeuge in Unternehmen einrichten\u201c<\/a> des Klimapakt fir Betriber f\u00fchrt Sie durch die wichtigsten Schritte und Verfahren, um Ihr Projekt erfolgreich zu verwirklichen.<\/p>\n<\/div><\/div>\n\n\n\n<h3 class=\"wp-block-heading\">Wer kann die Beihilfen in Anspruch nehmen?<\/h3>\n\n\n\n<p>Alle kleinen und mittleren Unternehmen die ordnungsgem\u00e4\u00df in Luxemburg niedergelassen sind und <a href=\"https:\/\/guichet.public.lu\/de\/entreprises\/financement-aides\/regime-pme\/aide-infrastructures-charges-portees-pme.html\" target=\"_blank\" data-type=\"link\" data-id=\"https:\/\/guichet.public.lu\/de\/entreprises\/financement-aides\/regime-pme\/aide-infrastructures-charges-portees-pme.html\" rel=\"noreferrer noopener\">die allgemeinen Bedingungen<\/a> erf\u00fcllen k\u00f6nnen die F\u00f6rdermittel in Anspruch zu nehmen. Die Ladeinfrastrukturen, f\u00fcr die die Beihilfe beantragt wird, m\u00fcssen folgende Bedingungen erf\u00fcllen. Sie:<\/p>\n\n\n\n<ul class=\"wp-block-list\">\n<li>werden <strong>folgenderma\u00dfen gespeist<\/strong>:<ul><li>zu 100 % mit <strong>erneuerbarem Strom<\/strong> im Sinne des Gesetzes;<\/li><\/ul>\n<ul class=\"wp-block-list\">\n<li>\u00e0 100&nbsp;% par de l\u2019<strong>\u00e9lectricit\u00e9 renouvelable<\/strong> telle que d\u00e9finie par la loi&nbsp;;<\/li>\n\n\n\n<li>si elles sont situ\u00e9es sur le domaine public et priv\u00e9 de l\u2019\u00c9tat et des communes&nbsp;: par le biais d\u2019<strong>accords d\u2019achat d\u2019\u00e9lectricit\u00e9 renouvelable<\/strong> tels que d\u00e9finis par la loi et conclus avec des producteurs d\u2019\u00e9lectricit\u00e9 renouvelable&nbsp;;<\/li>\n<\/ul>\n<\/li>\n\n\n\n<li>werden w\u00e4hrend mindestens <strong>5 Jahren<\/strong> ab ihrer Inbetriebnahme <strong>betrieben<\/strong>;<\/li>\n\n\n\n<li>dienen nicht dem <strong>Weiterverkauf<\/strong> oder der <strong>Vermietung<\/strong>, mit Ausnahme der Leasingvertr\u00e4ge, in denen vorgesehen ist, dass der Leasingnehmer die Ladeinfrastruktur bei Ablauf des Vertrags erwirbt;<\/li>\n<\/ul>\n\n\n\n<p>Jedes Unternehmen kann <strong>pro Jahr<\/strong> und <strong>pro Projekt<\/strong> <strong>einen einzigen Antrag <\/strong>bis sp\u00e4testens zum <strong>30. September 2026 stellen.<\/strong><\/p>\n\n\n\n<p>Sobald die F\u00f6rderung gew\u00e4hrt wurde, muss die Ladeinfrastruktur innerhalb von <strong>18 Monaten<\/strong> in Betrieb genommen werden.<\/p>\n\n\n\n<blockquote class=\"wp-block-quote is-layout-flow wp-block-quote-is-layout-flow\">\n<p><a href=\"https:\/\/guichet.public.lu\/de\/entreprises\/financement-aides\/regime-pme\/aide-infrastructures-charges-portees-pme.html\" target=\"_blank\" data-type=\"link\" data-id=\"https:\/\/guichet.public.lu\/de\/entreprises\/financement-aides\/regime-pme\/aide-infrastructures-charges-portees-pme.html\" rel=\"noreferrer noopener\">Die genauen Anforderungen finden Sie auf <a href=\"https:\/\/guichet.public.lu\/de\/entreprises\/financement-aides\/regime-pme\/aide-infrastructures-charges-portees-pme.html\" target=\"_blank\" rel=\"noopener\">myGuichet.lu<\/a>.<\/a><\/p>\n<\/blockquote>\n\n\n\n<h3 class=\"wp-block-heading\">H\u00f6chstbetrag der Beihilfe<\/h3>\n\n\n\n<p>Die H\u00f6he der Beihilfe wird <strong>auf der Grundlage der f\u00f6rderf\u00e4higen Kosten<\/strong> des Projekts berechnet.<\/p>\n\n\n\n<p>Die <strong>H\u00f6chstintensit\u00e4t der Beihilfe<\/strong> pro Projekt darf folgenden Prozentsatz <strong>nicht \u00fcberschreiten<\/strong>:<\/p>\n\n\n\n<ul class=\"wp-block-list\">\n<li>bei mittleren Unternehmen: 40 % der f\u00f6rderf\u00e4higen Kosten;<\/li>\n\n\n\n<li>bei kleinen Unternehmen: 50 % der f\u00f6rderf\u00e4higen Kosten.<\/li>\n<\/ul>\n\n\n\n<p>Der <strong>Gesamtbetrag<\/strong> der einem Unternehmen gew\u00e4hrten Beihilfe darf <strong>100.000\u202fEUR<\/strong> nicht \u00fcberschreiten.<\/p>\n\n\n\n<p><strong>Zur Erinnerung:<\/strong> Die Beihilfe muss einen Anreizeffekt haben. Dies bedeutet, dass der Antrag vor der Unterzeichnung eines Kostenvoranschlags oder dem Beginn der Arbeiten eingereicht werden muss.<\/p>\n\n\n\n<p>Weitere Informationen \u00fcber Ladeinfrastruktur f\u00fcr KMU finden Sie unter <a href=\"https:\/\/guichet.public.lu\/de\/entreprises\/financement-aides\/regime-pme\/aide-infrastructures-charges-portees-pme.html\" target=\"_blank\" rel=\"noreferrer noopener\">guichet.public.lu<\/a>.<\/p>\n\n\n\n<div class=\"wp-block-group\"><div class=\"wp-block-group__inner-container is-layout-constrained wp-block-group-is-layout-constrained\">\n<ul class=\"wp-block-list\">\n<li>Haben Sie Fragen bez\u00fcglich der F\u00f6rderkriterien? Kontaktieren Sie Luxinnovation unter <a href=\"mailto:aides@luxinnovation.lu\" target=\"_blank\" rel=\"noreferrer noopener\">aides@luxinnovation.lu<\/a>, zur \u00dcberpr\u00fcfung Ihrer F\u00f6rderf\u00e4higkeit.<\/li>\n\n\n\n<li>F\u00fcr weitere Fragen, kontaktieren Sie Klima-Agence unter<a href=\"mailto:%20entreprises@klima-agence.lu)\" target=\"_blank\" rel=\"noreferrer noopener\"> entreprises@klima-agence.lu<\/a><\/li>\n<\/ul>\n<\/div><\/div>\n","protected":false},"excerpt":{"rendered":"<p>Beihilfe zugunsten von Ladeinfrastrukturen, deren Tr\u00e4ger KMU sind Kleine und mittlere Unternehmen (KMU) die Projekte zur Einrichtung privater Ladeinfrastrukturen umsetzen, k\u00f6nnen von einer neuen Beihilfe profitieren. Die Antr\u00e4ge f\u00fcr die Beihilfen m\u00fcssen bis zum 30. September 2026 online \u00fcber myGuichet.lu eingereicht werden. Starthilfe beim Projekt? Die Ma\u00dfnahme \u201eLadeinfrastruktur f\u00fcr Elektrofahrzeuge in Unternehmen einrichten\u201c des Klimapakt [&hellip;]<\/p>\n","protected":false},"author":3,"featured_media":1591599,"comment_status":"closed","ping_status":"closed","sticky":false,"template":"","format":"standard","meta":{"_acf_changed":false,"footnotes":""},"categories":[93],"tags":[],"class_list":["post-1591626","post","type-post","status-publish","format-standard","has-post-thumbnail","hentry","category-actualites-de"],"acf":[],"_links":{"self":[{"href":"https:\/\/dev.klimapaktfirbetriber.lu\/de\/wp-json\/wp\/v2\/posts\/1591626","targetHints":{"allow":["GET"]}}],"collection":[{"href":"https:\/\/dev.klimapaktfirbetriber.lu\/de\/wp-json\/wp\/v2\/posts"}],"about":[{"href":"https:\/\/dev.klimapaktfirbetriber.lu\/de\/wp-json\/wp\/v2\/types\/post"}],"author":[{"embeddable":true,"href":"https:\/\/dev.klimapaktfirbetriber.lu\/de\/wp-json\/wp\/v2\/users\/3"}],"replies":[{"embeddable":true,"href":"https:\/\/dev.klimapaktfirbetriber.lu\/de\/wp-json\/wp\/v2\/comments?post=1591626"}],"version-history":[{"count":1,"href":"https:\/\/dev.klimapaktfirbetriber.lu\/de\/wp-json\/wp\/v2\/posts\/1591626\/revisions"}],"predecessor-version":[{"id":1591763,"href":"https:\/\/dev.klimapaktfirbetriber.lu\/de\/wp-json\/wp\/v2\/posts\/1591626\/revisions\/1591763"}],"wp:featuredmedia":[{"embeddable":true,"href":"https:\/\/dev.klimapaktfirbetriber.lu\/de\/wp-json\/wp\/v2\/media\/1591599"}],"wp:attachment":[{"href":"https:\/\/dev.klimapaktfirbetriber.lu\/de\/wp-json\/wp\/v2\/media?parent=1591626"}],"wp:term":[{"taxonomy":"category","embeddable":true,"href":"https:\/\/dev.klimapaktfirbetriber.lu\/de\/wp-json\/wp\/v2\/categories?post=1591626"},{"taxonomy":"post_tag","embeddable":true,"href":"https:\/\/dev.klimapaktfirbetriber.lu\/de\/wp-json\/wp\/v2\/tags?post=1591626"}],"curies":[{"name":"wp","href":"https:\/\/api.w.org\/{rel}","templated":true}]}}