{"id":1456,"date":"2023-03-17T15:35:41","date_gmt":"2023-03-17T14:35:41","guid":{"rendered":"https:\/\/dev.klimapaktfirbetriber.lu\/conference-lancement-klimapakt-fir-betriber\/"},"modified":"2023-09-13T11:30:11","modified_gmt":"2023-09-13T09:30:11","slug":"konferenz-zum-auftakt-des-programms-klimapakt-fir-betriber","status":"publish","type":"post","link":"https:\/\/dev.klimapaktfirbetriber.lu\/de\/konferenz-zum-auftakt-des-programms-klimapakt-fir-betriber\/","title":{"rendered":"Konferenz zum Auftakt des Programms &#8222;Klimapakt fir Betriber&#8220;"},"content":{"rendered":"\n<div class=\"wp-block-group\"><div class=\"wp-block-group__inner-container is-layout-constrained wp-block-group-is-layout-constrained\">\n<div class=\"wp-block-columns is-layout-flex wp-container-core-columns-is-layout-9d6595d7 wp-block-columns-is-layout-flex\">\n<div class=\"wp-block-column is-layout-flow wp-block-column-is-layout-flow\" style=\"flex-basis:100%\">\n<div class=\"wp-block-group\"><div class=\"wp-block-group__inner-container is-layout-constrained wp-block-group-is-layout-constrained\">\n<h4 class=\"wp-block-heading\">Angesichts der Klima-Notlage und der aktuellen Energiekrise startet die Regierung das Programm &#8222;Klimapakt fir Betriber&#8220;, um den luxemburgischen Unternehmen in dieser Situation Orientierung zu bieten. Der Launch des Klimapakt fir Betriber am Dienstag, den 10. Januar 2023 war eine Gelegenheit f\u00fcr die verschiedenen Partner des Regierungsprogramms, dessen operative Verwaltung von der Klima-Agentur und Luxinnovation \u00fcbernommen wird, ihre Unterst\u00fctzungsma\u00dfnahmen f\u00fcr Unternehmen vorzustellen, die Anstrengungen im Bereich der Dekarbonisierung und der Energiewende unternehmen m\u00f6chten.<\/h4>\n<\/div><\/div>\n<\/div>\n<\/div>\n<\/div><\/div>\n\n\n\n<div class=\"wp-block-media-text alignwide is-stacked-on-mobile\"><figure class=\"wp-block-media-text__media\"><img decoding=\"async\" width=\"1024\" height=\"683\" src=\"https:\/\/dev.klimapaktfirbetriber.lu\/wp\/wp-content\/uploads\/2023\/03\/20230110-Luxinnovation-Klimapakt-33-1-1024x683.jpg\" alt=\"\" class=\"wp-image-547 size-full\" srcset=\"https:\/\/dev.klimapaktfirbetriber.lu\/wp-content\/uploads\/2023\/03\/20230110-Luxinnovation-Klimapakt-33-1-1024x683.jpg 1024w, https:\/\/dev.klimapaktfirbetriber.lu\/wp-content\/uploads\/2023\/03\/20230110-Luxinnovation-Klimapakt-33-1-300x200.jpg 300w, https:\/\/dev.klimapaktfirbetriber.lu\/wp-content\/uploads\/2023\/03\/20230110-Luxinnovation-Klimapakt-33-1-768x512.jpg 768w, https:\/\/dev.klimapaktfirbetriber.lu\/wp-content\/uploads\/2023\/03\/20230110-Luxinnovation-Klimapakt-33-1-1536x1024.jpg 1536w, https:\/\/dev.klimapaktfirbetriber.lu\/wp-content\/uploads\/2023\/03\/20230110-Luxinnovation-Klimapakt-33-1-2048x1366.jpg 2048w\" sizes=\"(max-width: 1024px) 100vw, 1024px\" \/><\/figure><div class=\"wp-block-media-text__content\">\n<p>Bei der Auftaktkonferenz werden sich der Minister f\u00fcr Mittelstand, Lex Delles, der Wirtschaftsminister, Franz Fayot, der Minister f\u00fcr Energie und Raumordnung, Claude Turmes, und die Ministerin f\u00fcr Umwelt, Klima und nachhaltige Entwicklung, Jo\u00eblle Welfring, zur Bedeutung des &#8222;Klimapakt fir Betriber&#8220; \u00e4u\u00dfern und die aktuellen Verpflichtungen der Regierung erl\u00e4utern.<\/p>\n<\/div><\/div>\n\n\n\n<h2 class=\"wp-block-heading\">Zweckgebundene Begleitinstrumente<\/h2>\n\n\n\n<p class=\"has-light-green-background-color has-background\">Klima-Agence, in Zusammenarbeit mit Luxinnovation und in enger Partnerschaft mit den beteiligten Sektoren, unterst\u00fctzt die Unternehmen, indem sie ihnen eine leicht zug\u00e4ngliche und attraktive Begleitung anbietet, durch einen integrierten Katalog standardisierter Ma\u00dfnahmen, der Beratung, einen Werkzeugkasten, Kofinanzierung f\u00fcr Investitionen und die Vermittlung von Kontakten zu Schl\u00fcsselakteuren und anderen Unternehmen umfasst. Der Katalog bildet das Kernelement des Portals klimapaktfirbetriber.lu und wird zu Beginn des Fr\u00fchjahrs online gehen.<br><\/p>\n\n\n\n<div class=\"wp-block-columns is-layout-flex wp-container-core-columns-is-layout-9d6595d7 wp-block-columns-is-layout-flex\">\n<div class=\"wp-block-column is-layout-flow wp-block-column-is-layout-flow\" style=\"flex-basis:50%\">\n<p>Als nationaler Partner in Sachen Energie und Klima f\u00fcr Privatpersonen, Gemeinden, Fachleute und staatliche Institutionen verf\u00fcgt Klima-Agence \u00fcber eine Expertise, die auf lokaler, regionaler und kommunaler Ebene verankert ist und die sie auch den Unternehmen durch Programme wie das freiwillige Abkommen FEDIL oder verschiedene Begleitinstrumente im Bereich der Energieeffizienz und des Klimaschutzes zur Verf\u00fcgung stellt. Zu diesem stetig wachsenden Portfolio an Werkzeugen geh\u00f6ren unter anderem das nationale Solarkataster, ein Matching-Tool f\u00fcr Ladeinfrastrukturprojekte, eine Liste von Planern f\u00fcr Photovoltaikprojekte oder ein Leitfaden f\u00fcr die Planung von Ladeinfrastruktur.<\/p>\n<\/div>\n\n\n\n<div class=\"wp-block-column is-layout-flow wp-block-column-is-layout-flow\" style=\"flex-basis:50%\">\n<p>Ihre Expertise in der Verwaltung und kontinuierlichen Weiterentwicklung des Klimapakts f\u00fcr Gemeinden seit 2013 erm\u00f6glicht es der Klima-Agence auch, die F\u00f6rderung des Klimapakts fir Betriber auf regionaler Ebene zu erleichtern, indem sie die Synergien zwischen den verschiedenen Initiativen aufwertet. Im Fr\u00fchjahr wird die Organisation einer &#8222;Roadshow&#8220;, um auf die Unternehmen zuzugehen, dezentralisierte Austauschforen schaffen und die verschiedenen Instrumente des Klimapakt fir Betriber hervorheben.<\/p>\n\n\n\n<div class=\"wp-block-buttons is-layout-flex wp-block-buttons-is-layout-flex\">\n<div class=\"wp-block-button\"><a class=\"wp-block-button__link wp-element-button\" href=\"https:\/\/www.klima-agence.lu\/en\/communique-lancement-klimapakt-fir-betriber\" target=\"_blank\" rel=\"noreferrer noopener\">Pressemitteilung<\/a><\/div>\n<\/div>\n<\/div>\n<\/div>\n\n\n\n<h2 class=\"wp-block-heading\">Vortr\u00e4ge:<\/h2>\n\n\n\n<h4 class=\"wp-block-heading\">Hier finden Sie die Pr\u00e4sentationen der Auftaktkonferenz, die Sie herunterladen und nach Belieben ansehen k\u00f6nnen.<\/h4>\n\n\n\n  <div class=\"fullwidth block-file\">\n    <div class=\"wrapper main-content box box-white\">\n      <div class=\"row\">\n        <div class=\"col\">\n          <div class=\"box-row\">\n            <div class=\"block-file-title\">\n              <h3>\n                Mobilit\u00e9 \u00e9lectrique              <\/h3>\n            <\/div>\n            <div class=\"block-file-informations\">\n              <div class=\"block-file-type\">\n                pdf &#8211; 777.53 KB              <\/div>\n              <div class=\"block-file-date\">\n                March 2023              <\/div>\n            <\/div>\n          <\/div>\n        <\/div>\n        <div class=\"col\">\n          <div class=\"btn btn-green\">\n            <a href=\"https:\/\/dev.klimapaktfirbetriber.lu\/wp-content\/uploads\/2023\/03\/Mobilite-electrique.pdf\" target=\"_blank\" aria-label=\"T\u00e9l\u00e9charger\">\n              T\u00e9l\u00e9charger            <\/a>\n          <\/div>\n        <\/div>\n      <\/div>\n    <\/div>\n  <\/div>\n\n\n  <div class=\"fullwidth block-file\">\n    <div class=\"wrapper main-content box box-white\">\n      <div class=\"row\">\n        <div class=\"col\">\n          <div class=\"box-row\">\n            <div class=\"block-file-title\">\n              <h3>\n                Electrification-du-parc-de-vehicules              <\/h3>\n            <\/div>\n            <div class=\"block-file-informations\">\n              <div class=\"block-file-type\">\n                pdf &#8211; 824.14 KB              <\/div>\n              <div class=\"block-file-date\">\n                March 2023              <\/div>\n            <\/div>\n          <\/div>\n        <\/div>\n        <div class=\"col\">\n          <div class=\"btn btn-green\">\n            <a href=\"https:\/\/dev.klimapaktfirbetriber.lu\/wp-content\/uploads\/2023\/03\/Electrification-du-parc-de-vehicules.pdf\" target=\"_blank\" aria-label=\"T\u00e9l\u00e9charger\">\n              T\u00e9l\u00e9charger            <\/a>\n          <\/div>\n        <\/div>\n      <\/div>\n    <\/div>\n  <\/div>\n\n\n  <div class=\"fullwidth block-file\">\n    <div class=\"wrapper main-content box box-white\">\n      <div class=\"row\">\n        <div class=\"col\">\n          <div class=\"box-row\">\n            <div class=\"block-file-title\">\n              <h3>\n                KMU mit Weitsicht auf den Weg zu Netto-Null CO2              <\/h3>\n            <\/div>\n            <div class=\"block-file-informations\">\n              <div class=\"block-file-type\">\n                pdf &#8211; 1.35 MB              <\/div>\n              <div class=\"block-file-date\">\n                March 2023              <\/div>\n            <\/div>\n          <\/div>\n        <\/div>\n        <div class=\"col\">\n          <div class=\"btn btn-green\">\n            <a href=\"https:\/\/dev.klimapaktfirbetriber.lu\/wp-content\/uploads\/2023\/03\/KMU-mit-Weitsicht-auf-den-Weg-zu-Netto-Null-CO2.pdf\" target=\"_blank\" aria-label=\"T\u00e9l\u00e9charger\">\n              T\u00e9l\u00e9charger            <\/a>\n          <\/div>\n        <\/div>\n      <\/div>\n    <\/div>\n  <\/div>\n\n\n  <div class=\"fullwidth block-file\">\n    <div class=\"wrapper main-content box box-white\">\n      <div class=\"row\">\n        <div class=\"col\">\n          <div class=\"box-row\">\n            <div class=\"block-file-title\">\n              <h3>\n                Le PV en entreprise comment s&#8217;y prendre              <\/h3>\n            <\/div>\n            <div class=\"block-file-informations\">\n              <div class=\"block-file-type\">\n                pdf &#8211; 602.08 KB              <\/div>\n              <div class=\"block-file-date\">\n                March 2023              <\/div>\n            <\/div>\n          <\/div>\n        <\/div>\n        <div class=\"col\">\n          <div class=\"btn btn-green\">\n            <a href=\"https:\/\/dev.klimapaktfirbetriber.lu\/wp-content\/uploads\/2023\/03\/Le-PV-en-entreprise-comment-sy-prendre.pdf\" target=\"_blank\" aria-label=\"T\u00e9l\u00e9charger\">\n              T\u00e9l\u00e9charger            <\/a>\n          <\/div>\n        <\/div>\n      <\/div>\n    <\/div>\n  <\/div>\n\n\n  <div class=\"fullwidth block-file\">\n    <div class=\"wrapper main-content box box-white\">\n      <div class=\"row\">\n        <div class=\"col\">\n          <div class=\"box-row\">\n            <div class=\"block-file-title\">\n              <h3>\n                Photovolta\u00efque carport solaire              <\/h3>\n            <\/div>\n            <div class=\"block-file-informations\">\n              <div class=\"block-file-type\">\n                pdf &#8211; 1.03 MB              <\/div>\n              <div class=\"block-file-date\">\n                March 2023              <\/div>\n            <\/div>\n          <\/div>\n        <\/div>\n        <div class=\"col\">\n          <div class=\"btn btn-green\">\n            <a href=\"https:\/\/dev.klimapaktfirbetriber.lu\/wp-content\/uploads\/2023\/03\/Photovoltaique-carport-solaire.pdf\" target=\"_blank\" aria-label=\"T\u00e9l\u00e9charger\">\n              T\u00e9l\u00e9charger            <\/a>\n          <\/div>\n        <\/div>\n      <\/div>\n    <\/div>\n  <\/div>\n\n\n  <div class=\"fullwidth block-file\">\n    <div class=\"wrapper main-content box box-white\">\n      <div class=\"row\">\n        <div class=\"col\">\n          <div class=\"box-row\">\n            <div class=\"block-file-title\">\n              <h3>\n                Pitch time \u00e9lectromobilit\u00e9 + t\u00e9moignage              <\/h3>\n            <\/div>\n            <div class=\"block-file-informations\">\n              <div class=\"block-file-type\">\n                pdf &#8211; 1.30 MB              <\/div>\n              <div class=\"block-file-date\">\n                March 2023              <\/div>\n            <\/div>\n          <\/div>\n        <\/div>\n        <div class=\"col\">\n          <div class=\"btn btn-green\">\n            <a href=\"https:\/\/dev.klimapaktfirbetriber.lu\/wp-content\/uploads\/2023\/03\/Pitch-time-electromobilite-temoignage.pdf\" target=\"_blank\" aria-label=\"T\u00e9l\u00e9charger\">\n              T\u00e9l\u00e9charger            <\/a>\n          <\/div>\n        <\/div>\n      <\/div>\n    <\/div>\n  <\/div>\n\n\n  <div class=\"fullwidth block-file\">\n    <div class=\"wrapper main-content box box-white\">\n      <div class=\"row\">\n        <div class=\"col\">\n          <div class=\"box-row\">\n            <div class=\"block-file-title\">\n              <h3>\n                FIT 4 SUSTAINABILITY2              <\/h3>\n            <\/div>\n            <div class=\"block-file-informations\">\n              <div class=\"block-file-type\">\n                pdf &#8211; 718.87 KB              <\/div>\n              <div class=\"block-file-date\">\n                March 2023              <\/div>\n            <\/div>\n          <\/div>\n        <\/div>\n        <div class=\"col\">\n          <div class=\"btn btn-green\">\n            <a href=\"https:\/\/dev.klimapaktfirbetriber.lu\/wp-content\/uploads\/2023\/03\/FIT-4-SUSTAINABILITY2.pdf\" target=\"_blank\" aria-label=\"T\u00e9l\u00e9charger\">\n              T\u00e9l\u00e9charger            <\/a>\n          <\/div>\n        <\/div>\n      <\/div>\n    <\/div>\n  <\/div>\n\n\n  <div class=\"fullwidth block-file\">\n    <div class=\"wrapper main-content box box-white\">\n      <div class=\"row\">\n        <div class=\"col\">\n          <div class=\"box-row\">\n            <div class=\"block-file-title\">\n              <h3>\n                Soutenir durablement les PME luxembourgeoises dans leur d\u00e9veloppement              <\/h3>\n            <\/div>\n            <div class=\"block-file-informations\">\n              <div class=\"block-file-type\">\n                pdf &#8211; 846.00 KB              <\/div>\n              <div class=\"block-file-date\">\n                March 2023              <\/div>\n            <\/div>\n          <\/div>\n        <\/div>\n        <div class=\"col\">\n          <div class=\"btn btn-green\">\n            <a href=\"https:\/\/dev.klimapaktfirbetriber.lu\/wp-content\/uploads\/2023\/03\/Soutenir-durablement-les-PME-luxembourgeoises-dans-leur-developpement.pdf\" target=\"_blank\" aria-label=\"T\u00e9l\u00e9charger\">\n              T\u00e9l\u00e9charger            <\/a>\n          <\/div>\n        <\/div>\n      <\/div>\n    <\/div>\n  <\/div>\n\n\n  <div class=\"fullwidth block-file\">\n    <div class=\"wrapper main-content box box-white\">\n      <div class=\"row\">\n        <div class=\"col\">\n          <div class=\"box-row\">\n            <div class=\"block-file-title\">\n              <h3>\n                Pitch time photovolta\u00efque + t\u00e9mpoignage              <\/h3>\n            <\/div>\n            <div class=\"block-file-informations\">\n              <div class=\"block-file-type\">\n                pdf &#8211; 877.05 KB              <\/div>\n              <div class=\"block-file-date\">\n                March 2023              <\/div>\n            <\/div>\n          <\/div>\n        <\/div>\n        <div class=\"col\">\n          <div class=\"btn btn-green\">\n            <a href=\"https:\/\/dev.klimapaktfirbetriber.lu\/wp-content\/uploads\/2023\/03\/Pitch-time-photovoltaique-tempoignage.pdf\" target=\"_blank\" aria-label=\"T\u00e9l\u00e9charger\">\n              T\u00e9l\u00e9charger            <\/a>\n          <\/div>\n        <\/div>\n      <\/div>\n    <\/div>\n  <\/div>\n\n\n  <div class=\"fullwidth block-file\">\n    <div class=\"wrapper main-content box box-white\">\n      <div class=\"row\">\n        <div class=\"col\">\n          <div class=\"box-row\">\n            <div class=\"block-file-title\">\n              <h3>\n                Quelle valeur ajout\u00e9e pour les entreprises &#8211; Fenn Faber , Sasha Baillie              <\/h3>\n            <\/div>\n            <div class=\"block-file-informations\">\n              <div class=\"block-file-type\">\n                pdf &#8211; 1.76 MB              <\/div>\n              <div class=\"block-file-date\">\n                March 2023              <\/div>\n            <\/div>\n          <\/div>\n        <\/div>\n        <div class=\"col\">\n          <div class=\"btn btn-green\">\n            <a href=\"https:\/\/dev.klimapaktfirbetriber.lu\/wp-content\/uploads\/2023\/03\/Quelle-valeur-ajoutee-pour-les-entreprises-Fenn-Faber-Sasha-Baillie.pdf\" target=\"_blank\" aria-label=\"T\u00e9l\u00e9charger\">\n              T\u00e9l\u00e9charger            <\/a>\n          <\/div>\n        <\/div>\n      <\/div>\n    <\/div>\n  <\/div>\n\n","protected":false},"excerpt":{"rendered":"<p>Angesichts der Klima-Notlage und der aktuellen Energiekrise startet die Regierung das Programm &#8222;Klimapakt fir Betriber&#8220;, um den luxemburgischen Unternehmen in dieser Situation Orientierung zu bieten. Der Launch des Klimapakt fir Betriber am Dienstag, den 10. Januar 2023 war eine Gelegenheit f\u00fcr die verschiedenen Partner des Regierungsprogramms, dessen operative Verwaltung von der Klima-Agentur und Luxinnovation \u00fcbernommen [&hellip;]<\/p>\n","protected":false},"author":3,"featured_media":503,"comment_status":"closed","ping_status":"open","sticky":false,"template":"","format":"standard","meta":{"_acf_changed":false,"footnotes":""},"categories":[93],"tags":[],"class_list":["post-1456","post","type-post","status-publish","format-standard","has-post-thumbnail","hentry","category-actualites-de"],"acf":[],"_links":{"self":[{"href":"https:\/\/dev.klimapaktfirbetriber.lu\/de\/wp-json\/wp\/v2\/posts\/1456","targetHints":{"allow":["GET"]}}],"collection":[{"href":"https:\/\/dev.klimapaktfirbetriber.lu\/de\/wp-json\/wp\/v2\/posts"}],"about":[{"href":"https:\/\/dev.klimapaktfirbetriber.lu\/de\/wp-json\/wp\/v2\/types\/post"}],"author":[{"embeddable":true,"href":"https:\/\/dev.klimapaktfirbetriber.lu\/de\/wp-json\/wp\/v2\/users\/3"}],"replies":[{"embeddable":true,"href":"https:\/\/dev.klimapaktfirbetriber.lu\/de\/wp-json\/wp\/v2\/comments?post=1456"}],"version-history":[{"count":2,"href":"https:\/\/dev.klimapaktfirbetriber.lu\/de\/wp-json\/wp\/v2\/posts\/1456\/revisions"}],"predecessor-version":[{"id":1628,"href":"https:\/\/dev.klimapaktfirbetriber.lu\/de\/wp-json\/wp\/v2\/posts\/1456\/revisions\/1628"}],"wp:featuredmedia":[{"embeddable":true,"href":"https:\/\/dev.klimapaktfirbetriber.lu\/de\/wp-json\/wp\/v2\/media\/503"}],"wp:attachment":[{"href":"https:\/\/dev.klimapaktfirbetriber.lu\/de\/wp-json\/wp\/v2\/media?parent=1456"}],"wp:term":[{"taxonomy":"category","embeddable":true,"href":"https:\/\/dev.klimapaktfirbetriber.lu\/de\/wp-json\/wp\/v2\/categories?post=1456"},{"taxonomy":"post_tag","embeddable":true,"href":"https:\/\/dev.klimapaktfirbetriber.lu\/de\/wp-json\/wp\/v2\/tags?post=1456"}],"curies":[{"name":"wp","href":"https:\/\/api.w.org\/{rel}","templated":true}]}}