{"id":1364,"date":"2023-06-12T13:46:04","date_gmt":"2023-06-12T11:46:04","guid":{"rendered":"https:\/\/dev.klimapaktfirbetriber.lu\/construction-durable-pour-des-villes-resilientes\/"},"modified":"2023-09-13T11:30:03","modified_gmt":"2023-09-13T09:30:03","slug":"nachhaltiges-bauen-fuer-widerstandsfaehige-staedte","status":"publish","type":"post","link":"https:\/\/dev.klimapaktfirbetriber.lu\/de\/nachhaltiges-bauen-fuer-widerstandsfaehige-staedte\/","title":{"rendered":"Nachhaltiges Bauen f\u00fcr widerstandsf\u00e4hige St\u00e4dte"},"content":{"rendered":"\n<div class=\"wp-block-group has-light-green-background-color has-background\"><div class=\"wp-block-group__inner-container is-layout-constrained wp-block-group-is-layout-constrained\">\n<h2 class=\"wp-block-heading\">Fachtagung zum Thema &#8222;Nachhaltiges Bauen f\u00fcr widerstandsf\u00e4hige St\u00e4dte&#8220;.<\/h2>\n\n\n\n<p><strong>\ud83d\udcc5 6 July 2023<br>\ud83d\udccd Parc Hotel Alvisse, Luxembourg<\/strong><\/p>\n<\/div><\/div>\n\n\n\n<h3 class=\"wp-block-heading\">Programm und Anmeldung f\u00fcr den Austauschtag zum Thema &#8222;Nachhaltiges Bauen f\u00fcr widerstandsf\u00e4hige St\u00e4dte&#8220;.<\/h3>\n\n\n\n<p>Das Luxembourg Institute of Science and Technology (LIST) organisiert in Zusammenarbeit mit Luxinnovation und der Plattform Betriber&amp;Emwelt am 6. Juli 2023 im Parc H\u00f4tel Alvisse eine Konferenz zum Thema nachhaltiges Bauen f\u00fcr resiliente St\u00e4dte.<\/p>\n\n\n\n<p>Der Geb\u00e4udesektor tr\u00e4gt zu etwa 37% der globalen CO2-eq-Emissionen bei, verbraucht etwa 33% der Ressourcen und ist f\u00fcr 40% des Energiebedarfs in Europa verantwortlich.\u202f Ganz allgemein steht dieser Sektor vor zahlreichen Herausforderungen im Zusammenhang mit dem Klimawandel: Energieknappheit, mangelnde Verf\u00fcgbarkeit und fehlender Zugang zu nat\u00fcrlichen Ressourcen, Druck im Zusammenhang mit der Erreichung der Ziele des Pariser Abkommens und des Gr\u00fcnen Pakts f\u00fcr Europa bis zum Jahr 2050.<\/p>\n\n\n\n<p>Das Ausma\u00df dieser Herausforderungen erfordert, dass alle Akteure des Bauwesens zusammenkommen, um nachhaltige innovative L\u00f6sungen f\u00fcr den \u00dcbergang zu einer umweltgerechten Gestaltung von Geb\u00e4uden, zum Kreislaufbau und zu resilienten St\u00e4dten zu finden.<\/p>\n\n\n\n<p>Die Veranstaltung soll durch Vortr\u00e4ge, Diskussionsrunden und Networking-M\u00f6glichkeiten Experten und Interessenvertreter aus dem Bausektor und der Industrie zusammenbringen, um :<\/p>\n\n\n\n<ul class=\"wp-block-list\">\n<li>eine Bestandsaufnahme der Situation in Luxemburg vornehmen ;<\/li>\n\n\n\n<li>Best Practices diskutieren und austauschen ;<\/li>\n\n\n\n<li>innovative Demonstratoren und neue technologische L\u00f6sungen vorstellen ;<\/li>\n\n\n\n<li>sich \u00fcber die Priorit\u00e4ten des Sektors und die M\u00f6glichkeiten zur B\u00fcndelung von Initiativen austauschen, um den \u00dcbergang zu einem nachhaltigeren Bauwesen zu beschleunigen ;<\/li>\n\n\n\n<li>sich \u00fcber die Rolle der Forschung in Luxemburg im Dienste des Bausektors Gedanken machen.<\/li>\n<\/ul>\n\n\n\n<div class=\"wp-block-buttons is-content-justification-center is-layout-flex wp-container-core-buttons-is-layout-16018d1d wp-block-buttons-is-layout-flex\">\n<div class=\"wp-block-button\"><a class=\"wp-block-button__link wp-element-button\" href=\"https:\/\/www.betriber-emwelt.lu\/fr\/ressources\/evenements\/evenement-detail\/construction-durable-pour-des-villes-resilientes\/\" target=\"_blank\" rel=\"noreferrer noopener\"><strong>Programm und Anmeldung<\/strong><\/a><\/div>\n<\/div>\n","protected":false},"excerpt":{"rendered":"<p>Fachtagung zum Thema &#8222;Nachhaltiges Bauen f\u00fcr widerstandsf\u00e4hige St\u00e4dte&#8220;. \ud83d\udcc5 6 July 2023\ud83d\udccd Parc Hotel Alvisse, Luxembourg Programm und Anmeldung f\u00fcr den Austauschtag zum Thema &#8222;Nachhaltiges Bauen f\u00fcr widerstandsf\u00e4hige St\u00e4dte&#8220;. Das Luxembourg Institute of Science and Technology (LIST) organisiert in Zusammenarbeit mit Luxinnovation und der Plattform Betriber&amp;Emwelt am 6. Juli 2023 im Parc H\u00f4tel Alvisse eine [&hellip;]<\/p>\n","protected":false},"author":3,"featured_media":970,"comment_status":"closed","ping_status":"open","sticky":false,"template":"","format":"standard","meta":{"_acf_changed":false,"footnotes":""},"categories":[93],"tags":[],"class_list":["post-1364","post","type-post","status-publish","format-standard","has-post-thumbnail","hentry","category-actualites-de"],"acf":[],"_links":{"self":[{"href":"https:\/\/dev.klimapaktfirbetriber.lu\/de\/wp-json\/wp\/v2\/posts\/1364","targetHints":{"allow":["GET"]}}],"collection":[{"href":"https:\/\/dev.klimapaktfirbetriber.lu\/de\/wp-json\/wp\/v2\/posts"}],"about":[{"href":"https:\/\/dev.klimapaktfirbetriber.lu\/de\/wp-json\/wp\/v2\/types\/post"}],"author":[{"embeddable":true,"href":"https:\/\/dev.klimapaktfirbetriber.lu\/de\/wp-json\/wp\/v2\/users\/3"}],"replies":[{"embeddable":true,"href":"https:\/\/dev.klimapaktfirbetriber.lu\/de\/wp-json\/wp\/v2\/comments?post=1364"}],"version-history":[{"count":3,"href":"https:\/\/dev.klimapaktfirbetriber.lu\/de\/wp-json\/wp\/v2\/posts\/1364\/revisions"}],"predecessor-version":[{"id":1631,"href":"https:\/\/dev.klimapaktfirbetriber.lu\/de\/wp-json\/wp\/v2\/posts\/1364\/revisions\/1631"}],"wp:featuredmedia":[{"embeddable":true,"href":"https:\/\/dev.klimapaktfirbetriber.lu\/de\/wp-json\/wp\/v2\/media\/970"}],"wp:attachment":[{"href":"https:\/\/dev.klimapaktfirbetriber.lu\/de\/wp-json\/wp\/v2\/media?parent=1364"}],"wp:term":[{"taxonomy":"category","embeddable":true,"href":"https:\/\/dev.klimapaktfirbetriber.lu\/de\/wp-json\/wp\/v2\/categories?post=1364"},{"taxonomy":"post_tag","embeddable":true,"href":"https:\/\/dev.klimapaktfirbetriber.lu\/de\/wp-json\/wp\/v2\/tags?post=1364"}],"curies":[{"name":"wp","href":"https:\/\/api.w.org\/{rel}","templated":true}]}}