{"id":1327,"date":"2023-06-28T16:07:06","date_gmt":"2023-06-28T14:07:06","guid":{"rendered":"https:\/\/dev.klimapaktfirbetriber.lu\/roadshow-klimapakt-fir-betriber-echanger-avec-les-experts-du-programme-sur-les-thematiques-de-la-decarbonation-et-de-la-transition-energetique\/"},"modified":"2023-09-13T11:29:14","modified_gmt":"2023-09-13T09:29:14","slug":"roadshow-klimapakt-fir-betriber-tauschen-sie-sich-mit-den-experten-des-programms-ueber-die-themen-dekarbonisierung-und-energiewandel-aus","status":"publish","type":"post","link":"https:\/\/dev.klimapaktfirbetriber.lu\/de\/roadshow-klimapakt-fir-betriber-tauschen-sie-sich-mit-den-experten-des-programms-ueber-die-themen-dekarbonisierung-und-energiewandel-aus\/","title":{"rendered":"Roadshow Klimapakt fir Betriber &#8211; Tauschen Sie sich mit den Experten des Programms \u00fcber die Themen Dekarbonisierung und Energiewandel aus"},"content":{"rendered":"\n<h2 class=\"wp-block-heading\"><strong>R\u00fcckblick auf die zweite Informationsveranstaltung des Klimapakt fir Betriber<\/strong><\/h2>\n\n\n\n<p>Die zweite Informationsveranstaltung zum Programm Klimapakt fir Betriber fand am Dienstag, den 27. Juni auf dem Gel\u00e4nde des Campus Contern statt.<\/p>\n\n\n\n<p>Die zahlreichen Teilnehmer hatten die Gelegenheit, sich \u00fcber den Ansatz und seine Instrumente zu informieren und sich mit den am Programm beteiligten Akteuren auszutauschen.<\/p>\n\n\n\n<p>Die Gemeinde Contern ergriff das Wort, um ihr Vorgehen in diesem Rahmen sowie die Ma\u00dfnahmen zu erl\u00e4utern, mit denen die auf dem Gemeindegebiet ans\u00e4ssigen Unternehmen zu einer aktiveren Beteiligung ermutigt werden sollen.<\/p>\n\n\n\n<p>Die Unternehmen Contern S.A. &#8211; L\u00ebtzebuerger Beton, Campus Contern und Simon-Christiansen &amp; Associ\u00e9s berichteten ebenfalls \u00fcber die Vorzeigeprojekte, die in ihren Betrieben umgesetzt wurden.<\/p>\n\n\n\n<h2 class=\"wp-block-heading\"><strong>Die n\u00e4chsten Termine im Rahmen des Klimapakt fir Betriber<\/strong><\/h2>\n\n\n\n<p>Klima-Agence und <a href=\"https:\/\/www.luxinnovation.lu\/\" target=\"_blank\" rel=\"noopener\">Luxinnovation GIE<\/a> planen neue Termine f\u00fcr die Roadshow im Herbst. Wenn Sie sich also mit den Akteuren des Programms austauschen und mit Unternehmen in Kontakt treten m\u00f6chten, die Ihnen ihre Vorgehensweise und ihre Erfahrungen bei der Umsetzung von Projekten zur F\u00f6rderung der Dekarbonisierung und des Energiewandels erl\u00e4utern k\u00f6nnen, besuchen Sie regelm\u00e4\u00dfig unsere Website <a href=\"https:\/\/dev.klimapaktfirbetriber.lu\/\">klimapaktfirbetriber.lu<\/a>!<\/p>\n\n\n\n<figure class=\"wp-block-gallery has-nested-images columns-default is-cropped wp-block-gallery-1 is-layout-flex wp-block-gallery-is-layout-flex\">\n<figure class=\"wp-block-image size-large\"><img decoding=\"async\" width=\"1024\" height=\"768\" data-id=\"1033\" src=\"https:\/\/dev.klimapaktfirbetriber.lu\/wp-content\/uploads\/2023\/06\/IMG_0644-1024x768.jpg\" alt=\"\" class=\"wp-image-1033\" srcset=\"https:\/\/dev.klimapaktfirbetriber.lu\/wp-content\/uploads\/2023\/06\/IMG_0644-1024x768.jpg 1024w, https:\/\/dev.klimapaktfirbetriber.lu\/wp-content\/uploads\/2023\/06\/IMG_0644-300x225.jpg 300w, https:\/\/dev.klimapaktfirbetriber.lu\/wp-content\/uploads\/2023\/06\/IMG_0644-768x576.jpg 768w, https:\/\/dev.klimapaktfirbetriber.lu\/wp-content\/uploads\/2023\/06\/IMG_0644.jpg 1200w\" sizes=\"(max-width: 1024px) 100vw, 1024px\" \/><\/figure>\n\n\n\n<figure class=\"wp-block-image size-large\"><img decoding=\"async\" width=\"1024\" height=\"768\" data-id=\"1039\" src=\"https:\/\/dev.klimapaktfirbetriber.lu\/wp-content\/uploads\/2023\/06\/IMG_0682-1024x768.jpg\" alt=\"\" class=\"wp-image-1039\" srcset=\"https:\/\/dev.klimapaktfirbetriber.lu\/wp-content\/uploads\/2023\/06\/IMG_0682-1024x768.jpg 1024w, https:\/\/dev.klimapaktfirbetriber.lu\/wp-content\/uploads\/2023\/06\/IMG_0682-300x225.jpg 300w, https:\/\/dev.klimapaktfirbetriber.lu\/wp-content\/uploads\/2023\/06\/IMG_0682-768x576.jpg 768w, https:\/\/dev.klimapaktfirbetriber.lu\/wp-content\/uploads\/2023\/06\/IMG_0682.jpg 1200w\" sizes=\"(max-width: 1024px) 100vw, 1024px\" \/><\/figure>\n\n\n\n<figure class=\"wp-block-image size-large\"><img decoding=\"async\" width=\"1024\" height=\"768\" data-id=\"1042\" src=\"https:\/\/dev.klimapaktfirbetriber.lu\/wp-content\/uploads\/2023\/06\/IMG_0705-1024x768.jpg\" alt=\"\" class=\"wp-image-1042\" srcset=\"https:\/\/dev.klimapaktfirbetriber.lu\/wp-content\/uploads\/2023\/06\/IMG_0705-1024x768.jpg 1024w, https:\/\/dev.klimapaktfirbetriber.lu\/wp-content\/uploads\/2023\/06\/IMG_0705-300x225.jpg 300w, https:\/\/dev.klimapaktfirbetriber.lu\/wp-content\/uploads\/2023\/06\/IMG_0705-768x576.jpg 768w, https:\/\/dev.klimapaktfirbetriber.lu\/wp-content\/uploads\/2023\/06\/IMG_0705.jpg 1200w\" sizes=\"(max-width: 1024px) 100vw, 1024px\" \/><\/figure>\n\n\n\n<figure class=\"wp-block-image size-large\"><img decoding=\"async\" width=\"1024\" height=\"768\" data-id=\"1021\" src=\"https:\/\/dev.klimapaktfirbetriber.lu\/wp-content\/uploads\/2023\/06\/IMG_0667-1024x768.jpg\" alt=\"Public lors du roashow Klimapakt fir Betriber\" class=\"wp-image-1021\" srcset=\"https:\/\/dev.klimapaktfirbetriber.lu\/wp-content\/uploads\/2023\/06\/IMG_0667-1024x768.jpg 1024w, https:\/\/dev.klimapaktfirbetriber.lu\/wp-content\/uploads\/2023\/06\/IMG_0667-300x225.jpg 300w, https:\/\/dev.klimapaktfirbetriber.lu\/wp-content\/uploads\/2023\/06\/IMG_0667-768x576.jpg 768w, https:\/\/dev.klimapaktfirbetriber.lu\/wp-content\/uploads\/2023\/06\/IMG_0667.jpg 1200w\" sizes=\"(max-width: 1024px) 100vw, 1024px\" \/><\/figure>\n<\/figure>\n\n\n\n<p><\/p>\n","protected":false},"excerpt":{"rendered":"<p>R\u00fcckblick auf die zweite Informationsveranstaltung des Klimapakt fir Betriber Die zweite Informationsveranstaltung zum Programm Klimapakt fir Betriber fand am Dienstag, den 27. Juni auf dem Gel\u00e4nde des Campus Contern statt. Die zahlreichen Teilnehmer hatten die Gelegenheit, sich \u00fcber den Ansatz und seine Instrumente zu informieren und sich mit den am Programm beteiligten Akteuren auszutauschen. Die [&hellip;]<\/p>\n","protected":false},"author":3,"featured_media":1023,"comment_status":"closed","ping_status":"open","sticky":false,"template":"","format":"standard","meta":{"_acf_changed":false,"footnotes":""},"categories":[93],"tags":[],"class_list":["post-1327","post","type-post","status-publish","format-standard","has-post-thumbnail","hentry","category-actualites-de"],"acf":[],"_links":{"self":[{"href":"https:\/\/dev.klimapaktfirbetriber.lu\/de\/wp-json\/wp\/v2\/posts\/1327","targetHints":{"allow":["GET"]}}],"collection":[{"href":"https:\/\/dev.klimapaktfirbetriber.lu\/de\/wp-json\/wp\/v2\/posts"}],"about":[{"href":"https:\/\/dev.klimapaktfirbetriber.lu\/de\/wp-json\/wp\/v2\/types\/post"}],"author":[{"embeddable":true,"href":"https:\/\/dev.klimapaktfirbetriber.lu\/de\/wp-json\/wp\/v2\/users\/3"}],"replies":[{"embeddable":true,"href":"https:\/\/dev.klimapaktfirbetriber.lu\/de\/wp-json\/wp\/v2\/comments?post=1327"}],"version-history":[{"count":2,"href":"https:\/\/dev.klimapaktfirbetriber.lu\/de\/wp-json\/wp\/v2\/posts\/1327\/revisions"}],"predecessor-version":[{"id":1624,"href":"https:\/\/dev.klimapaktfirbetriber.lu\/de\/wp-json\/wp\/v2\/posts\/1327\/revisions\/1624"}],"wp:featuredmedia":[{"embeddable":true,"href":"https:\/\/dev.klimapaktfirbetriber.lu\/de\/wp-json\/wp\/v2\/media\/1023"}],"wp:attachment":[{"href":"https:\/\/dev.klimapaktfirbetriber.lu\/de\/wp-json\/wp\/v2\/media?parent=1327"}],"wp:term":[{"taxonomy":"category","embeddable":true,"href":"https:\/\/dev.klimapaktfirbetriber.lu\/de\/wp-json\/wp\/v2\/categories?post=1327"},{"taxonomy":"post_tag","embeddable":true,"href":"https:\/\/dev.klimapaktfirbetriber.lu\/de\/wp-json\/wp\/v2\/tags?post=1327"}],"curies":[{"name":"wp","href":"https:\/\/api.w.org\/{rel}","templated":true}]}}