{"id":1321,"date":"2023-07-17T09:00:00","date_gmt":"2023-07-17T07:00:00","guid":{"rendered":"https:\/\/dev.klimapaktfirbetriber.lu\/appel-a-projets-pour-beneficier-dune-aide-a-linvestissement-pour-lautoconsommation-delectricite-photovoltaique-aupres-des-entreprises\/"},"modified":"2023-09-13T11:29:05","modified_gmt":"2023-09-13T09:29:05","slug":"ausschreibung-fuer-investitionsbeihilfen-fuer-den-eigenverbrauch-von-photovoltaikstrom-in-unternehmen","status":"publish","type":"post","link":"https:\/\/dev.klimapaktfirbetriber.lu\/de\/ausschreibung-fuer-investitionsbeihilfen-fuer-den-eigenverbrauch-von-photovoltaikstrom-in-unternehmen\/","title":{"rendered":"Ausschreibung f\u00fcr Investitionsbeihilfen f\u00fcr den Eigenverbrauch von Photovoltaikstrom in Unternehmen"},"content":{"rendered":"\n<p>Beteiligen Sie sich an der Ausschreibung des Ministeriums f\u00fcr Energie und Raumentwicklung und des Wirtschaftsministeriums f\u00fcr die Errichtung und den Betrieb neuer Anlagen zur Erzeugung von Strom aus Photovoltaik im Gro\u00dfherzogtum Luxemburg, bei denen mindestens ein Teil des erzeugten Stroms f\u00fcr den Eigenverbrauch verwendet wird.<\/p>\n\n\n\n<figure class=\"wp-block-image size-large\"><img decoding=\"async\" width=\"1024\" height=\"576\" src=\"https:\/\/dev.klimapaktfirbetriber.lu\/wp-content\/uploads\/2023\/07\/Les-bonnes-pratiques-des-communes-au-sein-des-pactes3-1024x576.jpg\" alt=\"\" class=\"wp-image-1068\" srcset=\"https:\/\/dev.klimapaktfirbetriber.lu\/wp-content\/uploads\/2023\/07\/Les-bonnes-pratiques-des-communes-au-sein-des-pactes3-1024x576.jpg 1024w, https:\/\/dev.klimapaktfirbetriber.lu\/wp-content\/uploads\/2023\/07\/Les-bonnes-pratiques-des-communes-au-sein-des-pactes3-300x169.jpg 300w, https:\/\/dev.klimapaktfirbetriber.lu\/wp-content\/uploads\/2023\/07\/Les-bonnes-pratiques-des-communes-au-sein-des-pactes3-768x432.jpg 768w, https:\/\/dev.klimapaktfirbetriber.lu\/wp-content\/uploads\/2023\/07\/Les-bonnes-pratiques-des-communes-au-sein-des-pactes3.jpg 1200w\" sizes=\"(max-width: 1024px) 100vw, 1024px\" \/><\/figure>\n\n\n\n<p>Unter stetiger Beachtung der Bestimmungen des Stromgesetzes kann der Verbrauch des Stroms aus Photovoltaikanlagen in Form von :<\/p>\n\n\n\n<ul class=\"wp-block-list\">\n<li>Eigenverbrauch,<\/li>\n\n\n\n<li>gemeinschaftlichem Eigenverbrauch,<\/li>\n\n\n\n<li>Verbrauch als Mitglied einer Gemeinschaft f\u00fcr erneuerbare Energien, oder<\/li>\n\n\n\n<li>Verbrauch nach Abschluss einer Vereinbarung \u00fcber den Kauf von Strom aus erneuerbaren Energiequellen erfolgen.<\/li>\n<\/ul>\n\n\n\n<p>\u00dcbersch\u00fcssiger Strom kann auf dem Markt verkauft werden.<\/p>\n\n\n\n<p class=\"has-text-align-center\"><strong><span style=\"text-decoration: underline;\">Frist f\u00fcr die Einreichung von Angeboten: <strong>31. Oktober 2023<\/strong><\/span><\/strong><\/p>\n\n\n\n<h2 class=\"wp-block-heading\">Wichtigste Teilnahmebedingungen f\u00fcr die Ausschreibung<\/h2>\n\n\n\n<div class=\"wp-block-group has-light-green-background-color has-background\"><div class=\"wp-block-group__inner-container is-layout-constrained wp-block-group-is-layout-constrained\">\n<h3 class=\"wp-block-heading\">Losaufteilung<\/h3>\n\n\n\n<p>Die Anlagen sind in vier Lose aufgeteilt.<\/p>\n\n\n\n<p><strong>F\u00fcr Installationen an den Au\u00dfenh\u00fcllen von Geb\u00e4uden und Grundst\u00fccken innerhalb einem Gewerbegebiet (Zone d&#8217;activit\u00e9 \u00e9conomique):<\/strong><\/p>\n\n\n\n<ul class=\"wp-block-list\">\n<li>Los 1: &gt; 30 kW<sub>p<\/sub> und \u2264 200 kW<sub>p<\/sub><\/li>\n\n\n\n<li>Los 2: &gt; 200 kW<sub>p<\/sub> und \u2264 500 kW<sub>p<\/sub><\/li>\n\n\n\n<li>Los 3: &gt; 500 kW<sub>p<\/sub> und \u2264 5 MW<sub>p<\/sub><\/li>\n<\/ul>\n\n\n\n<p><strong>F\u00fcr Installationen auf Schattenspendern:<\/strong><\/p>\n\n\n\n<ul class=\"wp-block-list\">\n<li>Los 4\u00a0: > 30 kW<sub>p<\/sub> et 5 MW<sub>p<\/sub><\/li>\n<\/ul>\n<\/div><\/div>\n\n\n\n<div class=\"wp-block-group has-light-green-background-color has-background\"><div class=\"wp-block-group__inner-container is-layout-constrained wp-block-group-is-layout-constrained\">\n<h3 class=\"wp-block-heading\">Teilnahmebedingungen<\/h3>\n\n\n\n<p>Die Anlage muss aus neuen Solarzellen bestehen.<\/p>\n\n\n\n<p>Der Bieter muss nachweisen, dass er das Recht hat, den angebotenen Standort f\u00fcr die Photovoltaikanlage zu nutzen (Eigent\u00fcmer, Mieter, Nutzungsberechtigter usw.).<\/p>\n\n\n\n<p>Der Bieter muss eine juristische Person sein, die :<\/p>\n\n\n\n<ul class=\"wp-block-list\">\n<li>in Luxemburg ans\u00e4ssig ist,<\/li>\n\n\n\n<li>eine wirtschaftliche T\u00e4tigkeit als Hauptt\u00e4tigkeit aus\u00fcbt,<\/li>\n\n\n\n<li>in Anlagen zur Erzeugung von Strom aus photovoltaischer Solarenergie investiert,<\/li>\n\n\n\n<li>die geltenden allgemeinen Bedingungen in diesem Bereich erf\u00fcllt.<\/li>\n<\/ul>\n\n\n\n<p>Die an dieser Ausschreibung teilnehmenden Projekte d\u00fcrfen nicht gleichzeitig im Rahmen einer laufenden Ausschreibung eingereicht werden, die unter die oben genannte gro\u00dfherzogliche Verordnung f\u00e4llt.<\/p>\n<\/div><\/div>\n\n\n\n<p>Die Ausschreibungsunterlagen sowie alle Teilnahmebedingungen f\u00fcr die Ausschreibung finden Sie unter<strong> <\/strong><a href=\"https:\/\/guichet.public.lu\/fr\/entreprises\/financement-aides\/aides-environnement\/appel-projets-photovoltaique\/appel-photovoltaique-aides-investissements.html\" target=\"_blank\" rel=\"noopener\"><strong>Guichet.lu<\/strong><\/a><\/p>\n\n\n\n<p>Generell wird empfohlen, die Unterst\u00fctzung von <a href=\"mailto:aides@luxinnovation.l\">Luxinnovation <\/a>in Anspruch zu nehmen, um die Einreichung des Antrags entsprechend vorzubereiten.<\/p>\n\n\n\n<p>Alle Fragen im Zusammenhang mit der Projektausschreibung sind an folgende E-Mail-Adresse zu richten: <strong><a href=\"mailto:appel.pv@eco.etat.lu\">appel.pv@eco.etat.lu<\/a><\/strong><\/p>\n","protected":false},"excerpt":{"rendered":"<p>Beteiligen Sie sich an der Ausschreibung des Ministeriums f\u00fcr Energie und Raumentwicklung und des Wirtschaftsministeriums f\u00fcr die Errichtung und den Betrieb neuer Anlagen zur Erzeugung von Strom aus Photovoltaik im Gro\u00dfherzogtum Luxemburg, bei denen mindestens ein Teil des erzeugten Stroms f\u00fcr den Eigenverbrauch verwendet wird. Unter stetiger Beachtung der Bestimmungen des Stromgesetzes kann der Verbrauch [&hellip;]<\/p>\n","protected":false},"author":3,"featured_media":1070,"comment_status":"closed","ping_status":"open","sticky":false,"template":"","format":"standard","meta":{"_acf_changed":false,"footnotes":""},"categories":[93],"tags":[],"class_list":["post-1321","post","type-post","status-publish","format-standard","has-post-thumbnail","hentry","category-actualites-de"],"acf":[],"_links":{"self":[{"href":"https:\/\/dev.klimapaktfirbetriber.lu\/de\/wp-json\/wp\/v2\/posts\/1321","targetHints":{"allow":["GET"]}}],"collection":[{"href":"https:\/\/dev.klimapaktfirbetriber.lu\/de\/wp-json\/wp\/v2\/posts"}],"about":[{"href":"https:\/\/dev.klimapaktfirbetriber.lu\/de\/wp-json\/wp\/v2\/types\/post"}],"author":[{"embeddable":true,"href":"https:\/\/dev.klimapaktfirbetriber.lu\/de\/wp-json\/wp\/v2\/users\/3"}],"replies":[{"embeddable":true,"href":"https:\/\/dev.klimapaktfirbetriber.lu\/de\/wp-json\/wp\/v2\/comments?post=1321"}],"version-history":[{"count":1,"href":"https:\/\/dev.klimapaktfirbetriber.lu\/de\/wp-json\/wp\/v2\/posts\/1321\/revisions"}],"predecessor-version":[{"id":1323,"href":"https:\/\/dev.klimapaktfirbetriber.lu\/de\/wp-json\/wp\/v2\/posts\/1321\/revisions\/1323"}],"wp:featuredmedia":[{"embeddable":true,"href":"https:\/\/dev.klimapaktfirbetriber.lu\/de\/wp-json\/wp\/v2\/media\/1070"}],"wp:attachment":[{"href":"https:\/\/dev.klimapaktfirbetriber.lu\/de\/wp-json\/wp\/v2\/media?parent=1321"}],"wp:term":[{"taxonomy":"category","embeddable":true,"href":"https:\/\/dev.klimapaktfirbetriber.lu\/de\/wp-json\/wp\/v2\/categories?post=1321"},{"taxonomy":"post_tag","embeddable":true,"href":"https:\/\/dev.klimapaktfirbetriber.lu\/de\/wp-json\/wp\/v2\/tags?post=1321"}],"curies":[{"name":"wp","href":"https:\/\/api.w.org\/{rel}","templated":true}]}}