{"id":1290,"date":"2023-08-10T09:46:31","date_gmt":"2023-08-10T07:46:31","guid":{"rendered":"https:\/\/dev.klimapaktfirbetriber.lu\/nouvelle-serie-de-seances-dinformation\/"},"modified":"2023-09-19T10:09:46","modified_gmt":"2023-09-19T08:09:46","slug":"naechste-infoveranstaltungen-fuer-unternehmen","status":"publish","type":"post","link":"https:\/\/dev.klimapaktfirbetriber.lu\/de\/naechste-infoveranstaltungen-fuer-unternehmen\/","title":{"rendered":"N\u00e4chste Infoveranstaltungen f\u00fcr Unternehmen"},"content":{"rendered":"\n<p><a href=\"https:\/\/www.klima-agence.lu\/fr\" target=\"_blank\" rel=\"noopener\">Klima-Agence<\/a> und <a href=\"https:\/\/www.luxinnovation.lu\/\" target=\"_blank\" rel=\"noopener\">Luxinnovation<\/a> laden Sie in Zusammenarbeit mit dem Ministerium f\u00fcr Energie und Raumentwicklung, dem Ministerium f\u00fcr Umwelt, Klima und nachhaltige Entwicklung sowie dem Ministerium f\u00fcr Wirtschaft zu den n\u00e4chsten Infoveranstaltungen ein, um Ihnen das Programm <a href=\"https:\/\/dev.klimapaktfirbetriber.lu\/de\/\">Klimapakt fir Betriber<\/a> vorzustellen, einem staatlichen F\u00f6rderprogramm zur Unterst\u00fctzung der luxemburgischen Unternehmen bei der Umsetzung von Ma\u00dfnahmen zur Energieeffizienz und Dekarbonisierung.<\/p>\n\n\n\n<p>W\u00e4hrend dieser Veranstaltungen werden alle praktischen Hilfsmittel vorgestellt, die den Unternehmen zur Verf\u00fcgung stehen. Gleichzeitig bietet die Veranstaltung den Unternehmen und Beteiligten die Gelegenheit, sich mit den Experten der verschiedenen F\u00f6rderprogramme im Kontext der Dekarbonisierung der Unternehmen auszutauschen.<\/p>\n\n\n\n<p><strong>Wann?<\/strong><\/p>\n\n\n\n<ul class=\"wp-block-list\">\n<li>31. August von 16.00 bis 18.00 Uhr &#8211; Peintures Robin SA, Useldange<\/li>\n\n\n\n<li>05. September von 16.00 bis 18.00 Uhr &#8211; Burelbach Garten- und Landschaftsdesign S\u00e0rl, Echternach<\/li>\n\n\n\n<li>19. September von 16.00 bis 18.00 Uhr &#8211; Majerus Geimer Constructions Sarl, Hosingen<\/li>\n\n\n\n<li>27. September von 16.00 bis 18.00 Uhr &#8211; Natur- und Waldzentrum Ellergronn, Esch s\/Alzette<\/li>\n<\/ul>\n\n\n\n<div class=\"wp-block-buttons is-content-justification-center is-layout-flex wp-container-core-buttons-is-layout-16018d1d wp-block-buttons-is-layout-flex\">\n<div class=\"wp-block-button\"><a class=\"wp-block-button__link has-light-green-background-color has-background wp-element-button\" href=\"https:\/\/dev.klimapaktfirbetriber.lu\/de\/neue-infoveranstaltungen-fuer-unternehmen\/\">Alle Infos und Anmeldungen zu den n\u00e4chsten Terminen <\/a><\/div>\n<\/div>\n","protected":false},"excerpt":{"rendered":"<p>Klima-Agence und Luxinnovation laden Sie in Zusammenarbeit mit dem Ministerium f\u00fcr Energie und Raumentwicklung, dem Ministerium f\u00fcr Umwelt, Klima und nachhaltige Entwicklung sowie dem Ministerium f\u00fcr Wirtschaft zu den n\u00e4chsten Infoveranstaltungen ein, um Ihnen das Programm Klimapakt fir Betriber vorzustellen, einem staatlichen F\u00f6rderprogramm zur Unterst\u00fctzung der luxemburgischen Unternehmen bei der Umsetzung von Ma\u00dfnahmen zur Energieeffizienz [&hellip;]<\/p>\n","protected":false},"author":3,"featured_media":1038,"comment_status":"closed","ping_status":"open","sticky":false,"template":"","format":"standard","meta":{"_acf_changed":false,"footnotes":""},"categories":[93],"tags":[],"class_list":["post-1290","post","type-post","status-publish","format-standard","has-post-thumbnail","hentry","category-actualites-de"],"acf":[],"_links":{"self":[{"href":"https:\/\/dev.klimapaktfirbetriber.lu\/de\/wp-json\/wp\/v2\/posts\/1290","targetHints":{"allow":["GET"]}}],"collection":[{"href":"https:\/\/dev.klimapaktfirbetriber.lu\/de\/wp-json\/wp\/v2\/posts"}],"about":[{"href":"https:\/\/dev.klimapaktfirbetriber.lu\/de\/wp-json\/wp\/v2\/types\/post"}],"author":[{"embeddable":true,"href":"https:\/\/dev.klimapaktfirbetriber.lu\/de\/wp-json\/wp\/v2\/users\/3"}],"replies":[{"embeddable":true,"href":"https:\/\/dev.klimapaktfirbetriber.lu\/de\/wp-json\/wp\/v2\/comments?post=1290"}],"version-history":[{"count":7,"href":"https:\/\/dev.klimapaktfirbetriber.lu\/de\/wp-json\/wp\/v2\/posts\/1290\/revisions"}],"predecessor-version":[{"id":1981,"href":"https:\/\/dev.klimapaktfirbetriber.lu\/de\/wp-json\/wp\/v2\/posts\/1290\/revisions\/1981"}],"wp:featuredmedia":[{"embeddable":true,"href":"https:\/\/dev.klimapaktfirbetriber.lu\/de\/wp-json\/wp\/v2\/media\/1038"}],"wp:attachment":[{"href":"https:\/\/dev.klimapaktfirbetriber.lu\/de\/wp-json\/wp\/v2\/media?parent=1290"}],"wp:term":[{"taxonomy":"category","embeddable":true,"href":"https:\/\/dev.klimapaktfirbetriber.lu\/de\/wp-json\/wp\/v2\/categories?post=1290"},{"taxonomy":"post_tag","embeddable":true,"href":"https:\/\/dev.klimapaktfirbetriber.lu\/de\/wp-json\/wp\/v2\/tags?post=1290"}],"curies":[{"name":"wp","href":"https:\/\/api.w.org\/{rel}","templated":true}]}}